{"id":13874,"date":"2025-01-31T09:55:50","date_gmt":"2025-01-31T06:55:50","guid":{"rendered":"https:\/\/www.egemtv.com\/?p=13874"},"modified":"2025-01-31T09:55:55","modified_gmt":"2025-01-31T06:55:55","slug":"izmirli-cocuklar-yariyil-tatilinde-eglenerek-ogrendi","status":"publish","type":"post","link":"https:\/\/www.egemtv.com\/?p=13874","title":{"rendered":"\u0130zmirli \u00e7ocuklar, yar\u0131y\u0131l tatilinde e\u011flenerek \u00f6\u011frendi"},"content":{"rendered":"<p>\u0130zmirli \u00e7ocuklar, yar\u0131y\u0131l tatilini \u0130zmir B\u00fcy\u00fck\u015fehir Belediyesi\u2019nin etkinlikleriyle hem e\u011flenerek hem de \u00f6\u011frenerek ge\u00e7irdi. Gezi ve at\u00f6lyeler \u00e7ocuklar\u0131n \u00f6n\u00fcnde yeni ufuklar a\u00e7t\u0131.<br \/>\n<br \/>\u0130zmir B\u00fcy\u00fck\u015fehir Belediyesi, \u00f6\u011frencilerin yar\u0131y\u0131l tatilini dopdolu ge\u00e7irmesi i\u00e7in \u00e7ok say\u0131da etkinlik planlad\u0131. \u00c7ocuk \u00c7al\u0131\u015fmalar\u0131 ve E\u011fitim Destekleri \u015eube M\u00fcd\u00fcrl\u00fc\u011f\u00fc, \u00e7ocuk at\u00f6lyeleri ve oyun odalar\u0131ndan hizmet alan \u00e7ocuklara y\u00f6nelik farkl\u0131 noktalara geziler d\u00fczenledi. Geziler, \u00e7ocuklar\u0131 bilim, tarih ve e\u011flence yolculu\u011funa \u00e7\u0131kard\u0131. K\u00fct\u00fcphaneler \u015eube M\u00fcd\u00fcrl\u00fc\u011f\u00fc ise \u00e7ocuklar i\u00e7in \u00e7ok renkli at\u00f6lye programlar\u0131 haz\u0131rlad\u0131. \u201cKe\u015ffet, E\u011flen\u201d temas\u0131 ile bir araya gelen \u00e7ocuklar, interaktif bir yakla\u015f\u0131mla yap\u0131lan at\u00f6lyelerde hayaller kurup hik\u00e2yeler yazd\u0131, masallar dinledi. Oyunlar e\u015fli\u011finde s\u00f6zc\u00fcklerin g\u00fcc\u00fcn\u00fc ke\u015ffetti.<\/p>\n<p>\u00c7ocuklar bol bol gezdi<br \/>\n<br \/>Geziler kapsam\u0131nda \u00e7ocuklar, Atat\u00fcrk M\u00fczesi, Buca Ters Ev, Ege \u00dcniversitesi Tabiat Tarihi ve Ara\u015ft\u0131rma M\u00fczesi, Menemen Oyun K\u00f6y\u00fc, \u00dcmran Baradan \u00c7ocuk M\u00fczesi, Agora \u00d6ren Yeri, Bergama M\u00fczesi ve Pergamon Antik Kenti, Sancar Maruflu Bilim Merkezi, Limontepe Fark\u0131ndal\u0131k Merkezi ve S\u0131f\u0131r Karbon Noktas\u0131\u2019n\u0131 gezme ve inceleme f\u0131rsat\u0131 buldu.<\/p>\n<p>Deneyler yap\u0131ld\u0131<br \/>\n<br \/>Konak Belediyesi Sancar Maruflu Bilim Merkezi gezisi \u00e7ocuklar\u0131 ba\u015fka bir d\u00fcnyaya g\u00f6t\u00fcrd\u00fc. 3, 4, 5, 6 ve 7. s\u0131n\u0131f \u00f6\u011frencilerine y\u00f6nelik farkl\u0131 g\u00fcnlerde yap\u0131lan geziler, uzay\u0131 ve g\u00f6k cisimlerini merak eden \u00e7ocuklar\u0131n ilgisini \u00e7ekti. Planetaryumda gezegenler ve iklim de\u011fi\u015fikli\u011fi ile ilgili film izleyen \u00e7ocuklar; fizik, elektronik, manyetik gibi konularda \u00e7e\u015fitli deneylere de kat\u0131larak e\u011fitici ve e\u011flenceli bir g\u00fcn ge\u00e7irdi. \u00c7ocuklara ayr\u0131ca \u0130klim K\u00f6\u015fesi\u2019nde yenilenebilir enerjiyle ilgili uygulamal\u0131 bilgiler verildi.<br \/>\n<br \/>\u00d6\u011frencilerle \u00e7ok keyifli bir g\u00fcn ge\u00e7irdiklerini belirten Kadifekale \u00c7ocuk Merkezi Birim Sorumlusu Cansu Akyol Babur, \u201cB\u00fct\u00fcn merkezlerimiz yar\u0131y\u0131l tatilinde \u00e7e\u015fitli geziler d\u00fczenledi. Bu gezilerin i\u00e7inde antik kentler ve bilim merkezlerine a\u011f\u0131rl\u0131k verdik. \u00c7ocuklar\u0131m\u0131z\u0131n hem e\u011flenerek hem de gezip g\u00f6rerek bilgi edinmesini ama\u00e7l\u0131yoruz. Bug\u00fcnk\u00fc gezimizde \u00e7ocuklar\u0131n d\u00fcnyam\u0131zla ilgili alg\u0131s\u0131n\u0131 derinle\u015ftirdik. \u0130klim de\u011fi\u015fikli\u011finin sebeplerini, sonu\u00e7lar\u0131n\u0131 ve bu konuda neler yapabilece\u011fimizi \u00f6\u011frendiler\u201d dedi.<\/p>\n<p>\u201cBuras\u0131 ger\u00e7ekten \u00e7ok g\u00fczel\u201d<br \/>\n<br \/>Geziye kat\u0131lan 9 ya\u015f\u0131ndaki Masal Nur Ertan, \u201cBuraya ilk girdi\u011fimde planetaryumda bir \u015feyler izleyece\u011fimi anlay\u0131p \u2018vay can\u0131na\u2019 dedim. Ger\u00e7ekten \u00e7ok keyifli bir yer. Hem film izledik hem de deney yapt\u0131k. Benim i\u00e7in \u00e7ok g\u00fczeldi. Burada iklim de\u011fi\u015fikli\u011fini \u00f6\u011frendik, elektrikle ilgili deneyler yapt\u0131k. \u00c7ok \u015fa\u015f\u0131rd\u0131m, buras\u0131 ger\u00e7ekten \u00e7ok g\u00fczel\u201d s\u00f6zlerine yer verdi. 8 ya\u015f\u0131ndaki Miran \u00dcsttemel, \u201cG\u00fcne\u015f \u0131\u015f\u0131nlar\u0131n\u0131 ve r\u00fczgar trib\u00fcnlerini anlatt\u0131lar. Arabalar art\u0131nca dumanlar art\u0131yor. K\u00fcresel \u0131s\u0131nma oluyor. \u00c7\u00f6pleri atmamal\u0131y\u0131z, \u00e7i\u00e7ekleri koparmamal\u0131y\u0131z\u201d derken, 9 ya\u015f\u0131ndaki Fatma Nur Tanbo\u011fa da \u201cBurada de\u011fi\u015fik bilgiler \u00f6\u011frendim. Yerlere \u00e7\u00f6p atmamay\u0131, \u00e7i\u00e7ekleri koparmamay\u0131, canl\u0131lara zarar vermemeyi \u00f6\u011frendim. \u0130klim de\u011fi\u015fikli\u011fini de burada \u00f6\u011frendim. \u00c7ok \u00f6\u011fretici ve bana katk\u0131 veren bir etkinlikti\u201d diye konu\u015ftu. 11 ya\u015f\u0131ndaki \u00c7\u0131nar Cant\u00fcrk ise \u201c\u0130klim de\u011fi\u015fikli\u011fi ile d\u00fcnyada \u00e7ok de\u011fi\u015fim oluyor. Burada bir\u00e7ok \u015fey \u00f6\u011frendim. Ayr\u0131ca deneyler yapt\u0131k. Etkinlikler sayesinde yar\u0131y\u0131l tatilim \u00e7ok g\u00fczel ge\u00e7ti\u201d ifadelerini kulland\u0131.<\/p>\n<p>\u0130nteraktif at\u00f6lye deneyimi<br \/>\n<br \/>\u0130zmirli \u00e7ocuklar, Alsancak Kent K\u00fct\u00fcphanesi\u2019nde Sade \u015eeylerin B\u00fcy\u00fcs\u00fc Masal At\u00f6lyesi, Sonuna Sen Karar Ver Yarat\u0131c\u0131 Yazma At\u00f6lyesi ve Yarat\u0131c\u0131 Drama At\u00f6lyesi\u2019ne kat\u0131larak yepyeni bir d\u00fcnyan\u0131n kap\u0131lar\u0131n\u0131 da aralad\u0131. \u201cKe\u015ffet, E\u011flen\u201d temas\u0131 ile bir araya gelen \u00e7ocuklar, interaktif bir at\u00f6lye deneyimi ya\u015fad\u0131. Hayaller kurarak hik\u00e2yeler yazan \u00e7ocuklar, masal dinledi ve s\u00f6zc\u00fcklerin g\u00fcc\u00fcn\u00fc ke\u015ffetti. K\u00fct\u00fcphaneler \u015eube M\u00fcd\u00fcr\u00fc Burcu \u00d6nen\u00e7, \u201cS\u00f6mestr tatilinde \u00e7ocuklar\u0131m\u0131z\u0131n hem kitap okuma al\u0131\u015fkanl\u0131\u011f\u0131n\u0131 art\u0131rmak hem de sosyal becerilerini geli\u015ftirmek amac\u0131yla \u00fc\u00e7 at\u00f6lye d\u00fczenledik. \u00c7ok olumlu geri d\u00f6n\u00fc\u015fler al\u0131yoruz. \u00c7ocuklar tatile girdi\u011finde teknolojik aletlerle \u00e7ok fazla zaman ge\u00e7iriyor. Aileler s\u00f6mestr tatilinde \u00e7ocuklar\u0131n akranlar\u0131yla bir araya gelip sosyal becerilerini geli\u015ftirebilecekleri b\u00f6yle etkinlikleri \u00e7ok \u00f6nemsiyor\u201d dedi.<\/p>\n<p>\u201cTelefonla ilgilenmekten daha e\u011flenceli\u201d<br \/>\n<br \/>At\u00f6lye \u00e7al\u0131\u015fmas\u0131na kat\u0131lan 9 ya\u015f\u0131ndaki Elif Ece K\u00f6yl\u00fco\u011flu, \u201cBug\u00fcn arkada\u015flar\u0131m ve \u00f6\u011fretmenlerimle bir\u00e7ok oyun oynad\u0131m. Birbirimizi tan\u0131yarak e\u011flendik. Buras\u0131 bana k\u00fct\u00fcphane gibi de\u011fil, e\u011flence alan\u0131 gibi geldi. Burada olmaktan \u00e7ok memnunum\u201d diye konu\u015ftu. 10 ya\u015f\u0131ndaki Erdem Y\u0131ld\u0131z ise \u201cAt\u00f6lyeye kat\u0131ld\u0131\u011f\u0131m i\u00e7in \u00e7ok mutluyum ve e\u011fleniyorum. Etkinli\u011fe kat\u0131lmak telefonla ilgilenmekten daha e\u011flenceli. \u00c7\u00fcnk\u00fc telefonda yapacaklar\u0131n k\u0131s\u0131tl\u0131 ama burada hayal g\u00fcc\u00fcm geli\u015fiyor. \u00c7ok e\u011fleniyorum\u201d ifadelerini kulland\u0131.<br \/><\/p>\n","protected":false},"excerpt":{"rendered":"<p>\u0130zmirli \u00e7ocuklar, yar\u0131y\u0131l tatilini \u0130zmir B\u00fcy\u00fck\u015fehir Belediyesi\u2019nin etkinlikleriyle hem e\u011flenerek hem de \u00f6\u011frenerek ge\u00e7irdi. Gezi ve at\u00f6lyeler \u00e7ocuklar\u0131n \u00f6n\u00fcnde yeni ufuklar a\u00e7t\u0131. \u0130zmir B\u00fcy\u00fck\u015fehir Belediyesi, \u00f6\u011frencilerin yar\u0131y\u0131l tatilini dopdolu ge\u00e7irmesi i\u00e7in \u00e7ok say\u0131da etkinlik planlad\u0131. \u00c7ocuk \u00c7al\u0131\u015fmalar\u0131 ve E\u011fitim Destekleri \u015eube M\u00fcd\u00fcrl\u00fc\u011f\u00fc, \u00e7ocuk at\u00f6lyeleri ve oyun odalar\u0131ndan hizmet alan \u00e7ocuklara y\u00f6nelik farkl\u0131 noktalara geziler d\u00fczenledi&#8230;.<\/p>\n","protected":false},"author":1,"featured_media":13875,"comment_status":"open","ping_status":"open","sticky":false,"template":"","format":"standard","meta":{"_crdt_document":"","footnotes":""},"categories":[1],"tags":[],"class_list":["post-13874","post","type-post","status-publish","format-standard","has-post-thumbnail","hentry","category-guncel"],"_links":{"self":[{"href":"https:\/\/www.egemtv.com\/index.php?rest_route=\/wp\/v2\/posts\/13874","targetHints":{"allow":["GET"]}}],"collection":[{"href":"https:\/\/www.egemtv.com\/index.php?rest_route=\/wp\/v2\/posts"}],"about":[{"href":"https:\/\/www.egemtv.com\/index.php?rest_route=\/wp\/v2\/types\/post"}],"author":[{"embeddable":true,"href":"https:\/\/www.egemtv.com\/index.php?rest_route=\/wp\/v2\/users\/1"}],"replies":[{"embeddable":true,"href":"https:\/\/www.egemtv.com\/index.php?rest_route=%2Fwp%2Fv2%2Fcomments&post=13874"}],"version-history":[{"count":1,"href":"https:\/\/www.egemtv.com\/index.php?rest_route=\/wp\/v2\/posts\/13874\/revisions"}],"predecessor-version":[{"id":13876,"href":"https:\/\/www.egemtv.com\/index.php?rest_route=\/wp\/v2\/posts\/13874\/revisions\/13876"}],"wp:featuredmedia":[{"embeddable":true,"href":"https:\/\/www.egemtv.com\/index.php?rest_route=\/wp\/v2\/media\/13875"}],"wp:attachment":[{"href":"https:\/\/www.egemtv.com\/index.php?rest_route=%2Fwp%2Fv2%2Fmedia&parent=13874"}],"wp:term":[{"taxonomy":"category","embeddable":true,"href":"https:\/\/www.egemtv.com\/index.php?rest_route=%2Fwp%2Fv2%2Fcategories&post=13874"},{"taxonomy":"post_tag","embeddable":true,"href":"https:\/\/www.egemtv.com\/index.php?rest_route=%2Fwp%2Fv2%2Ftags&post=13874"}],"curies":[{"name":"wp","href":"https:\/\/api.w.org\/{rel}","templated":true}]}}