{"id":13868,"date":"2025-01-31T09:40:57","date_gmt":"2025-01-31T06:40:57","guid":{"rendered":"https:\/\/www.egemtv.com\/?p=13868"},"modified":"2025-01-31T09:41:05","modified_gmt":"2025-01-31T06:41:05","slug":"sokenin-baliklari-rusya-ve-italya-yolcusu","status":"publish","type":"post","link":"https:\/\/www.egemtv.com\/?p=13868","title":{"rendered":"S\u00f6ke\u2019nin bal\u0131klar\u0131, Rusya ve \u0130talya yolcusu"},"content":{"rendered":"<p>Ayd\u0131n\u2019\u0131n S\u00f6ke il\u00e7esinde Rusya ve \u0130talya\u2019ya ihra\u00e7 edilecek olan 4 t\u0131r bal\u0131\u011f\u0131n \u00f6n sa\u011fl\u0131k sertifikalar\u0131 d\u00fczenlendi.<\/p>\n<p>\u00dclke ekonomisine \u00f6nemli katk\u0131 sa\u011flayan ihracatta g\u0131da maddelerine y\u00f6nelik ger\u00e7ekle\u015ftirilen kontroller devam ederken, Ayd\u0131n\u2019\u0131n S\u00f6ke il\u00e7esinde \u00f6zellikle son y\u0131llarda ihracat \u00fcr\u00fcn\u00fc olarak taze ve dondurulmu\u015f bal\u0131k ihracat\u0131 \u00f6ne \u00e7\u0131k\u0131yor. 2023 ve 2024 y\u0131llar\u0131nda bir\u00e7ok \u00fclkeye donuk ve taze bal\u0131k ihracat\u0131 ger\u00e7ekle\u015ftiren S\u00f6ke\u2019de bu y\u0131l da avlanan ve \u00fcretilen bal\u0131klar\u0131n ihra\u00e7 edilmesi i\u00e7in \u00e7al\u0131\u015fmalara devam ediliyor. Bu kapsamda S\u00f6ke\u2019de bu y\u0131l avlanan ve \u00fcretilen bal\u0131klar\u0131n Rusya ile \u0130talya\u2019ya ihra\u00e7 edilmesi i\u00e7in \u0130l\u00e7e Tar\u0131m ve Orman M\u00fcd\u00fcrl\u00fc\u011f\u00fc taraf\u0131ndan \u00f6n sa\u011fl\u0131k sertifikalar\u0131 d\u00fczenlendi. Paketlenerek ihracata haz\u0131r hale getirilen toplam 4 t\u0131r bal\u0131k, Rusya ve \u0130talya yolculu\u011fu \u00f6ncesinde \u00f6n sa\u011fl\u0131k sertifikalar\u0131n\u0131 al\u0131rken, g\u00fcmr\u00fck i\u015flemlerinin ard\u0131ndan yola \u00e7\u0131kacak.<\/p>\n<p>Konu ile ilgili S\u00f6ke \u0130l\u00e7e Tar\u0131m ve Orman M\u00fcd\u00fcrl\u00fc\u011f\u00fc\u2019nden yap\u0131lan a\u00e7\u0131klamada \u201c3 t\u0131r Rusya, 1 t\u0131r \u0130talya\u2019ya olmak \u00fczere \u0130l\u00e7e M\u00fcd\u00fcrl\u00fc\u011f\u00fcm\u00fcz taraf\u0131ndan denetimi yap\u0131lan i\u015flenmi\u015f bal\u0131klar t\u0131rlara y\u00fcklenerek \u00f6n sa\u011fl\u0131k sertifikalar\u0131 d\u00fczenlenmi\u015ftir\u201d ifadeleri yer ald\u0131.<br \/><\/p>\n","protected":false},"excerpt":{"rendered":"<p>Ayd\u0131n\u2019\u0131n S\u00f6ke il\u00e7esinde Rusya ve \u0130talya\u2019ya ihra\u00e7 edilecek olan 4 t\u0131r bal\u0131\u011f\u0131n \u00f6n sa\u011fl\u0131k sertifikalar\u0131 d\u00fczenlendi. \u00dclke ekonomisine \u00f6nemli katk\u0131 sa\u011flayan ihracatta g\u0131da maddelerine y\u00f6nelik ger\u00e7ekle\u015ftirilen kontroller devam ederken, Ayd\u0131n\u2019\u0131n S\u00f6ke il\u00e7esinde \u00f6zellikle son y\u0131llarda ihracat \u00fcr\u00fcn\u00fc olarak taze ve dondurulmu\u015f bal\u0131k ihracat\u0131 \u00f6ne \u00e7\u0131k\u0131yor. 2023 ve 2024 y\u0131llar\u0131nda bir\u00e7ok \u00fclkeye donuk ve taze bal\u0131k&#8230;<\/p>\n","protected":false},"author":1,"featured_media":13869,"comment_status":"open","ping_status":"open","sticky":false,"template":"","format":"standard","meta":{"_crdt_document":"","footnotes":""},"categories":[125],"tags":[],"class_list":["post-13868","post","type-post","status-publish","format-standard","has-post-thumbnail","hentry","category-ekonomi"],"_links":{"self":[{"href":"https:\/\/www.egemtv.com\/index.php?rest_route=\/wp\/v2\/posts\/13868","targetHints":{"allow":["GET"]}}],"collection":[{"href":"https:\/\/www.egemtv.com\/index.php?rest_route=\/wp\/v2\/posts"}],"about":[{"href":"https:\/\/www.egemtv.com\/index.php?rest_route=\/wp\/v2\/types\/post"}],"author":[{"embeddable":true,"href":"https:\/\/www.egemtv.com\/index.php?rest_route=\/wp\/v2\/users\/1"}],"replies":[{"embeddable":true,"href":"https:\/\/www.egemtv.com\/index.php?rest_route=%2Fwp%2Fv2%2Fcomments&post=13868"}],"version-history":[{"count":1,"href":"https:\/\/www.egemtv.com\/index.php?rest_route=\/wp\/v2\/posts\/13868\/revisions"}],"predecessor-version":[{"id":13870,"href":"https:\/\/www.egemtv.com\/index.php?rest_route=\/wp\/v2\/posts\/13868\/revisions\/13870"}],"wp:featuredmedia":[{"embeddable":true,"href":"https:\/\/www.egemtv.com\/index.php?rest_route=\/wp\/v2\/media\/13869"}],"wp:attachment":[{"href":"https:\/\/www.egemtv.com\/index.php?rest_route=%2Fwp%2Fv2%2Fmedia&parent=13868"}],"wp:term":[{"taxonomy":"category","embeddable":true,"href":"https:\/\/www.egemtv.com\/index.php?rest_route=%2Fwp%2Fv2%2Fcategories&post=13868"},{"taxonomy":"post_tag","embeddable":true,"href":"https:\/\/www.egemtv.com\/index.php?rest_route=%2Fwp%2Fv2%2Ftags&post=13868"}],"curies":[{"name":"wp","href":"https:\/\/api.w.org\/{rel}","templated":true}]}}