{"id":13865,"date":"2025-01-31T09:40:55","date_gmt":"2025-01-31T06:40:55","guid":{"rendered":"https:\/\/www.egemtv.com\/?p=13865"},"modified":"2025-01-31T09:40:57","modified_gmt":"2025-01-31T06:40:57","slug":"denizlide-roma-bizans-ve-hellenistik-donemlerine-ait-cok-sayida-tarihi-eser-ele-gecirildi","status":"publish","type":"post","link":"https:\/\/www.egemtv.com\/?p=13865","title":{"rendered":"Denizli\u2019de Roma, Bizans ve Hellenistik d\u00f6nemlerine ait \u00e7ok say\u0131da tarihi eser ele ge\u00e7irildi"},"content":{"rendered":"<p>Denizli\u2019de k\u00fclt\u00fcr ve tabiat varl\u0131\u011f\u0131 ka\u00e7ak\u00e7\u0131l\u0131\u011f\u0131 yapan \u015fah\u0131slara y\u00f6nelik operasyon d\u00fczenlendi. Operasyon kapsam\u0131nda Bizans, Roma ve Hellenistik d\u00f6nemlerine ait oldu\u011fu tespit edilen 220 adet g\u00fcm\u00fc\u015f ve bronz tarihi obje ele ge\u00e7irilirken 2 \u015f\u00fcpheli \u015fah\u0131s hakk\u0131nda adli i\u015flem ba\u015flat\u0131ld\u0131.<\/p>\n<p>Denizli \u0130l Jandarma Komutanl\u0131\u011f\u0131 ka\u00e7ak\u00e7\u0131l\u0131k yapan \u015fah\u0131slara y\u00f6nelik m\u00fccadele \u00e7al\u0131\u015fmalar\u0131n\u0131 s\u00fcrd\u00fcr\u00fcl\u00fcyor. Denizli Cumhuriyet Ba\u015fsavc\u0131l\u0131\u011f\u0131 koordinesinde Denizli \u0130l Jandarma ekiplerince k\u00fclt\u00fcr ve tabiat varl\u0131\u011f\u0131 ka\u00e7ak\u00e7\u0131l\u0131\u011f\u0131 yapan \u015fah\u0131slara operasyon d\u00fczenlendi. D\u00fczenlenen operasyon neticesinde, 2 \u015f\u00fcpheli \u015fah\u0131s yakalan\u0131rken Roma, Bizans ve Hellenistik d\u00f6nemlerine ait oldu\u011fu tespit edilen 220 adet g\u00fcm\u00fc\u015f ve bronz obje ile 2 adet dedekt\u00f6r ele ge\u00e7irildi.<\/p>\n<p>Ele ge\u00e7irilen malzemelere el konulurken, 2 \u015f\u00fcpheli hakk\u0131nda \u201c2863 Say\u0131l\u0131 K\u00fclt\u00fcr ve Tabiat Varl\u0131klar\u0131 Koruma Kanununa Muhalefet\u201d su\u00e7undan adli i\u015flemlerin ba\u015flat\u0131ld\u0131\u011f\u0131 \u00f6\u011frenildi.<br \/><\/p>\n","protected":false},"excerpt":{"rendered":"<p>Denizli\u2019de k\u00fclt\u00fcr ve tabiat varl\u0131\u011f\u0131 ka\u00e7ak\u00e7\u0131l\u0131\u011f\u0131 yapan \u015fah\u0131slara y\u00f6nelik operasyon d\u00fczenlendi. Operasyon kapsam\u0131nda Bizans, Roma ve Hellenistik d\u00f6nemlerine ait oldu\u011fu tespit edilen 220 adet g\u00fcm\u00fc\u015f ve bronz tarihi obje ele ge\u00e7irilirken 2 \u015f\u00fcpheli \u015fah\u0131s hakk\u0131nda adli i\u015flem ba\u015flat\u0131ld\u0131. Denizli \u0130l Jandarma Komutanl\u0131\u011f\u0131 ka\u00e7ak\u00e7\u0131l\u0131k yapan \u015fah\u0131slara y\u00f6nelik m\u00fccadele \u00e7al\u0131\u015fmalar\u0131n\u0131 s\u00fcrd\u00fcr\u00fcl\u00fcyor. Denizli Cumhuriyet Ba\u015fsavc\u0131l\u0131\u011f\u0131 koordinesinde Denizli \u0130l&#8230;<\/p>\n","protected":false},"author":1,"featured_media":13866,"comment_status":"open","ping_status":"open","sticky":false,"template":"","format":"standard","meta":{"_crdt_document":"","footnotes":""},"categories":[5],"tags":[],"class_list":["post-13865","post","type-post","status-publish","format-standard","has-post-thumbnail","hentry","category-asayis"],"_links":{"self":[{"href":"https:\/\/www.egemtv.com\/index.php?rest_route=\/wp\/v2\/posts\/13865","targetHints":{"allow":["GET"]}}],"collection":[{"href":"https:\/\/www.egemtv.com\/index.php?rest_route=\/wp\/v2\/posts"}],"about":[{"href":"https:\/\/www.egemtv.com\/index.php?rest_route=\/wp\/v2\/types\/post"}],"author":[{"embeddable":true,"href":"https:\/\/www.egemtv.com\/index.php?rest_route=\/wp\/v2\/users\/1"}],"replies":[{"embeddable":true,"href":"https:\/\/www.egemtv.com\/index.php?rest_route=%2Fwp%2Fv2%2Fcomments&post=13865"}],"version-history":[{"count":1,"href":"https:\/\/www.egemtv.com\/index.php?rest_route=\/wp\/v2\/posts\/13865\/revisions"}],"predecessor-version":[{"id":13867,"href":"https:\/\/www.egemtv.com\/index.php?rest_route=\/wp\/v2\/posts\/13865\/revisions\/13867"}],"wp:featuredmedia":[{"embeddable":true,"href":"https:\/\/www.egemtv.com\/index.php?rest_route=\/wp\/v2\/media\/13866"}],"wp:attachment":[{"href":"https:\/\/www.egemtv.com\/index.php?rest_route=%2Fwp%2Fv2%2Fmedia&parent=13865"}],"wp:term":[{"taxonomy":"category","embeddable":true,"href":"https:\/\/www.egemtv.com\/index.php?rest_route=%2Fwp%2Fv2%2Fcategories&post=13865"},{"taxonomy":"post_tag","embeddable":true,"href":"https:\/\/www.egemtv.com\/index.php?rest_route=%2Fwp%2Fv2%2Ftags&post=13865"}],"curies":[{"name":"wp","href":"https:\/\/api.w.org\/{rel}","templated":true}]}}