{"id":13862,"date":"2025-01-30T21:19:11","date_gmt":"2025-01-30T18:19:11","guid":{"rendered":"https:\/\/www.egemtv.com\/?p=13862"},"modified":"2025-01-30T21:19:13","modified_gmt":"2025-01-30T18:19:13","slug":"usakta-12-yasindaki-cocugun-oldugu-silahli-saldirida-3-kisi-tutuklandi","status":"publish","type":"post","link":"https:\/\/www.egemtv.com\/?p=13862","title":{"rendered":"U\u015fak\u2019ta 12 ya\u015f\u0131ndaki \u00e7ocu\u011fun \u00f6ld\u00fc\u011f\u00fc silahl\u0131 sald\u0131r\u0131da 3 ki\u015fi tutukland\u0131"},"content":{"rendered":"<p>U\u015fak\u2019ta 12 ya\u015f\u0131ndaki \u00e7ocu\u011fun babas\u0131n\u0131n arac\u0131na d\u00fczenlenen silahl\u0131 sald\u0131r\u0131da hayat\u0131n\u0131 kaybetti\u011fi olayda g\u00f6zalt\u0131na al\u0131nan 7 ki\u015fiden 3\u2019\u00fc, \u00e7\u0131kar\u0131ld\u0131klar\u0131 mahkemece tutukland\u0131.<br \/>\n<br \/>28 Ocak\u2019ta gece saatlerinde merkeze ba\u011fl\u0131 Mehmet Akif Ersoy Mahallesi 4. \u00c7evre Sokak\u2019ta Emrah Karahan y\u00f6netimindeki hafif ticari araca silahla sald\u0131r\u0131 d\u00fczenlenmi\u015f ve yan\u0131nda bulunan 12 ya\u015f\u0131ndaki o\u011flu Emirhan Karahan yaralanarak, kald\u0131r\u0131ld\u0131\u011f\u0131 hastanede hayat\u0131n\u0131 kaybetmi\u015fti. Olaya ili\u015fkin U\u015fak \u0130l Emniyet M\u00fcd\u00fcrl\u00fc\u011f\u00fc Asayi\u015f \u015eube M\u00fcd\u00fcrl\u00fc\u011f\u00fc Cinayet B\u00fcro Amirli\u011fi ekiplerince y\u00fcr\u00fct\u00fclen \u00e7al\u0131\u015fmalarda V.K, B.Y, B.Y, B.K, \u0130.K, H.A. ve F.K. g\u00f6zalt\u0131na al\u0131nd\u0131. Emniyetteki i\u015flemlerin ard\u0131ndan adliyeye sevk edilen \u015f\u00fcphelilerden B.Y. ve B.K. \u2018su\u00e7 delillerini gizleme veya yok etme\u2019 su\u00e7undan, \u0130.K. ise \u2018\u00e7ocu\u011fu kasten \u00f6ld\u00fcrme\u2019 su\u00e7undan tutuklan\u0131rken, F.K. ve H.A. adli kontrol \u015fart\u0131yla serbest b\u0131rak\u0131ld\u0131. V.K. ve B.Y. ise savc\u0131l\u0131ktaki ifadelerinin ard\u0131ndan serbest b\u0131rak\u0131ld\u0131.<br \/>\n<br \/>Tutuklanan \u0130.K. ifadesinde, ayn\u0131 mahallede ya\u015fad\u0131klar\u0131n\u0131 ve ba\u015fka bir aileyle aralar\u0131nda husumet oldu\u011funu, husumetli oldu\u011fu ailede de ayn\u0131 ara\u00e7tan oldu\u011funu s\u00f6yledi. \u0130.K., olay g\u00fcn\u00fc hafif ticari arac\u0131 sokak \u00fczerinde birka\u00e7 kez g\u00f6rd\u00fc\u011f\u00fcn\u00fc ve husumetli oldu\u011fu aile kendisine zarar vermek istedi\u011fi i\u00e7in gezdiklerini d\u00fc\u015f\u00fcnerek araca bir el ate\u015f etti\u011fini iddia etti. \u0130.K., ate\u015f ettikten sonra elindeki silah\u0131n d\u00fc\u015ft\u00fc\u011f\u00fcn\u00fc ve yerde silah\u0131n tekrar ate\u015f ald\u0131\u011f\u0131n\u0131 s\u00f6yledi.<br \/>\n<br \/>\u00d6te yandan, Emirhan Karahan\u2019\u0131n cenazesi 28 Ocak g\u00fcn\u00fc \u00f6\u011fle namaz\u0131n\u0131 m\u00fcteakip \u00c7evrek\u00f6y Mezarl\u0131\u011f\u0131\u2019nda sol yolcu\u011funa u\u011furland\u0131.<br \/><\/p>\n","protected":false},"excerpt":{"rendered":"<p>U\u015fak\u2019ta 12 ya\u015f\u0131ndaki \u00e7ocu\u011fun babas\u0131n\u0131n arac\u0131na d\u00fczenlenen silahl\u0131 sald\u0131r\u0131da hayat\u0131n\u0131 kaybetti\u011fi olayda g\u00f6zalt\u0131na al\u0131nan 7 ki\u015fiden 3\u2019\u00fc, \u00e7\u0131kar\u0131ld\u0131klar\u0131 mahkemece tutukland\u0131. 28 Ocak\u2019ta gece saatlerinde merkeze ba\u011fl\u0131 Mehmet Akif Ersoy Mahallesi 4. \u00c7evre Sokak\u2019ta Emrah Karahan y\u00f6netimindeki hafif ticari araca silahla sald\u0131r\u0131 d\u00fczenlenmi\u015f ve yan\u0131nda bulunan 12 ya\u015f\u0131ndaki o\u011flu Emirhan Karahan yaralanarak, kald\u0131r\u0131ld\u0131\u011f\u0131 hastanede hayat\u0131n\u0131 kaybetmi\u015fti&#8230;.<\/p>\n","protected":false},"author":1,"featured_media":13863,"comment_status":"open","ping_status":"open","sticky":false,"template":"","format":"standard","meta":{"_crdt_document":"","footnotes":""},"categories":[5],"tags":[],"class_list":["post-13862","post","type-post","status-publish","format-standard","has-post-thumbnail","hentry","category-asayis"],"_links":{"self":[{"href":"https:\/\/www.egemtv.com\/index.php?rest_route=\/wp\/v2\/posts\/13862","targetHints":{"allow":["GET"]}}],"collection":[{"href":"https:\/\/www.egemtv.com\/index.php?rest_route=\/wp\/v2\/posts"}],"about":[{"href":"https:\/\/www.egemtv.com\/index.php?rest_route=\/wp\/v2\/types\/post"}],"author":[{"embeddable":true,"href":"https:\/\/www.egemtv.com\/index.php?rest_route=\/wp\/v2\/users\/1"}],"replies":[{"embeddable":true,"href":"https:\/\/www.egemtv.com\/index.php?rest_route=%2Fwp%2Fv2%2Fcomments&post=13862"}],"version-history":[{"count":1,"href":"https:\/\/www.egemtv.com\/index.php?rest_route=\/wp\/v2\/posts\/13862\/revisions"}],"predecessor-version":[{"id":13864,"href":"https:\/\/www.egemtv.com\/index.php?rest_route=\/wp\/v2\/posts\/13862\/revisions\/13864"}],"wp:featuredmedia":[{"embeddable":true,"href":"https:\/\/www.egemtv.com\/index.php?rest_route=\/wp\/v2\/media\/13863"}],"wp:attachment":[{"href":"https:\/\/www.egemtv.com\/index.php?rest_route=%2Fwp%2Fv2%2Fmedia&parent=13862"}],"wp:term":[{"taxonomy":"category","embeddable":true,"href":"https:\/\/www.egemtv.com\/index.php?rest_route=%2Fwp%2Fv2%2Fcategories&post=13862"},{"taxonomy":"post_tag","embeddable":true,"href":"https:\/\/www.egemtv.com\/index.php?rest_route=%2Fwp%2Fv2%2Ftags&post=13862"}],"curies":[{"name":"wp","href":"https:\/\/api.w.org\/{rel}","templated":true}]}}