{"id":13859,"date":"2025-01-30T21:16:20","date_gmt":"2025-01-30T18:16:20","guid":{"rendered":"https:\/\/www.egemtv.com\/?p=13859"},"modified":"2025-01-30T21:16:24","modified_gmt":"2025-01-30T18:16:24","slug":"cesmede-eve-yildirim-dustu","status":"publish","type":"post","link":"https:\/\/www.egemtv.com\/?p=13859","title":{"rendered":"\u00c7e\u015fme\u2019de eve y\u0131ld\u0131r\u0131m d\u00fc\u015ft\u00fc"},"content":{"rendered":"<p>\u0130zmir\u2019in \u00c7e\u015fme il\u00e7esinde g\u00f6k g\u00fcr\u00fclt\u00fcl\u00fc sa\u011fanak ya\u011f\u0131\u015f s\u0131ras\u0131nda d\u00fc\u015fen y\u0131ld\u0131r\u0131m, bir evde hasara yol a\u00e7t\u0131.<br \/>\n<br \/>Edinilen bilgilere g\u00f6re, \u015eehit Mehmet Mahallesi\u2019nde sa\u011fanak ya\u011f\u0131\u015f s\u0131ras\u0131nda \u00fc\u00e7 farkl\u0131 noktaya y\u0131ld\u0131r\u0131m d\u00fc\u015ft\u00fc. Y\u0131ld\u0131r\u0131mlardan biri Oba Kent Sitesi\u2019nde bulunan bir eve isabet etti. Olayda evin duvar\u0131nda ve i\u00e7 k\u0131sm\u0131nda hasar meydana geldi.<br \/>\n<br \/>B\u00f6lge sakinleri, y\u0131ld\u0131r\u0131m\u0131n d\u00fc\u015fmesiyle b\u00fcy\u00fck bir g\u00fcr\u00fclt\u00fc duyduklar\u0131n\u0131 ve korku dolu anlar ya\u015fad\u0131klar\u0131n\u0131 ifade ettiler.<br \/><\/p>\n","protected":false},"excerpt":{"rendered":"<p>\u0130zmir\u2019in \u00c7e\u015fme il\u00e7esinde g\u00f6k g\u00fcr\u00fclt\u00fcl\u00fc sa\u011fanak ya\u011f\u0131\u015f s\u0131ras\u0131nda d\u00fc\u015fen y\u0131ld\u0131r\u0131m, bir evde hasara yol a\u00e7t\u0131. Edinilen bilgilere g\u00f6re, \u015eehit Mehmet Mahallesi\u2019nde sa\u011fanak ya\u011f\u0131\u015f s\u0131ras\u0131nda \u00fc\u00e7 farkl\u0131 noktaya y\u0131ld\u0131r\u0131m d\u00fc\u015ft\u00fc. Y\u0131ld\u0131r\u0131mlardan biri Oba Kent Sitesi\u2019nde bulunan bir eve isabet etti. Olayda evin duvar\u0131nda ve i\u00e7 k\u0131sm\u0131nda hasar meydana geldi. B\u00f6lge sakinleri, y\u0131ld\u0131r\u0131m\u0131n d\u00fc\u015fmesiyle b\u00fcy\u00fck bir g\u00fcr\u00fclt\u00fc&#8230;<\/p>\n","protected":false},"author":1,"featured_media":13860,"comment_status":"open","ping_status":"open","sticky":false,"template":"","format":"standard","meta":{"_crdt_document":"","footnotes":""},"categories":[5],"tags":[],"class_list":["post-13859","post","type-post","status-publish","format-standard","has-post-thumbnail","hentry","category-asayis"],"_links":{"self":[{"href":"https:\/\/www.egemtv.com\/index.php?rest_route=\/wp\/v2\/posts\/13859","targetHints":{"allow":["GET"]}}],"collection":[{"href":"https:\/\/www.egemtv.com\/index.php?rest_route=\/wp\/v2\/posts"}],"about":[{"href":"https:\/\/www.egemtv.com\/index.php?rest_route=\/wp\/v2\/types\/post"}],"author":[{"embeddable":true,"href":"https:\/\/www.egemtv.com\/index.php?rest_route=\/wp\/v2\/users\/1"}],"replies":[{"embeddable":true,"href":"https:\/\/www.egemtv.com\/index.php?rest_route=%2Fwp%2Fv2%2Fcomments&post=13859"}],"version-history":[{"count":1,"href":"https:\/\/www.egemtv.com\/index.php?rest_route=\/wp\/v2\/posts\/13859\/revisions"}],"predecessor-version":[{"id":13861,"href":"https:\/\/www.egemtv.com\/index.php?rest_route=\/wp\/v2\/posts\/13859\/revisions\/13861"}],"wp:featuredmedia":[{"embeddable":true,"href":"https:\/\/www.egemtv.com\/index.php?rest_route=\/wp\/v2\/media\/13860"}],"wp:attachment":[{"href":"https:\/\/www.egemtv.com\/index.php?rest_route=%2Fwp%2Fv2%2Fmedia&parent=13859"}],"wp:term":[{"taxonomy":"category","embeddable":true,"href":"https:\/\/www.egemtv.com\/index.php?rest_route=%2Fwp%2Fv2%2Fcategories&post=13859"},{"taxonomy":"post_tag","embeddable":true,"href":"https:\/\/www.egemtv.com\/index.php?rest_route=%2Fwp%2Fv2%2Ftags&post=13859"}],"curies":[{"name":"wp","href":"https:\/\/api.w.org\/{rel}","templated":true}]}}