{"id":13856,"date":"2025-01-30T19:31:15","date_gmt":"2025-01-30T16:31:15","guid":{"rendered":"https:\/\/www.egemtv.com\/?p=13856"},"modified":"2025-01-30T19:31:18","modified_gmt":"2025-01-30T16:31:18","slug":"milasta-balkondan-dusen-2-yasindaki-bebek-yaralandi","status":"publish","type":"post","link":"https:\/\/www.egemtv.com\/?p=13856","title":{"rendered":"Milas\u2019ta balkondan d\u00fc\u015fen 2 ya\u015f\u0131ndaki bebek yaraland\u0131"},"content":{"rendered":"<p>Mu\u011fla\u2019n\u0131n Milas il\u00e7esinde balkondan d\u00fc\u015ft\u00fc\u011f\u00fc \u00f6\u011frenilen bebek hastaneye kald\u0131r\u0131ld\u0131.<\/p>\n<p>Ahmet \u00c7avu\u015f Hay\u0131tl\u0131 Mahallesi Bah\u00e7elievler Mevkii\u2019nde, iddiaya g\u00f6re balkondan d\u00fc\u015fen 2 ya\u015f\u0131ndaki bir bebek yaraland\u0131. D\u00fc\u015fme sonucu bebe\u011fin \u00e7enesinde k\u0131r\u0131klar olu\u015ftu\u011fu \u00f6\u011frenildi. \u0130hbar \u00fczerine olay yerine sevk edilen 112 Acil Sa\u011fl\u0131k ekipleri, ilk m\u00fcdahalenin ard\u0131ndan yaral\u0131 bebe\u011fi \u00f6zel bir hastaneye sevk etti.<\/p>\n<p>Olayla ilgili soru\u015fturm s\u00fcr\u00fcyor.<br \/><\/p>\n","protected":false},"excerpt":{"rendered":"<p>Mu\u011fla\u2019n\u0131n Milas il\u00e7esinde balkondan d\u00fc\u015ft\u00fc\u011f\u00fc \u00f6\u011frenilen bebek hastaneye kald\u0131r\u0131ld\u0131. Ahmet \u00c7avu\u015f Hay\u0131tl\u0131 Mahallesi Bah\u00e7elievler Mevkii\u2019nde, iddiaya g\u00f6re balkondan d\u00fc\u015fen 2 ya\u015f\u0131ndaki bir bebek yaraland\u0131. D\u00fc\u015fme sonucu bebe\u011fin \u00e7enesinde k\u0131r\u0131klar olu\u015ftu\u011fu \u00f6\u011frenildi. \u0130hbar \u00fczerine olay yerine sevk edilen 112 Acil Sa\u011fl\u0131k ekipleri, ilk m\u00fcdahalenin ard\u0131ndan yaral\u0131 bebe\u011fi \u00f6zel bir hastaneye sevk etti. Olayla ilgili soru\u015fturm s\u00fcr\u00fcyor.<\/p>\n","protected":false},"author":1,"featured_media":13857,"comment_status":"open","ping_status":"open","sticky":false,"template":"","format":"standard","meta":{"_crdt_document":"","footnotes":""},"categories":[5],"tags":[],"class_list":["post-13856","post","type-post","status-publish","format-standard","has-post-thumbnail","hentry","category-asayis"],"_links":{"self":[{"href":"https:\/\/www.egemtv.com\/index.php?rest_route=\/wp\/v2\/posts\/13856","targetHints":{"allow":["GET"]}}],"collection":[{"href":"https:\/\/www.egemtv.com\/index.php?rest_route=\/wp\/v2\/posts"}],"about":[{"href":"https:\/\/www.egemtv.com\/index.php?rest_route=\/wp\/v2\/types\/post"}],"author":[{"embeddable":true,"href":"https:\/\/www.egemtv.com\/index.php?rest_route=\/wp\/v2\/users\/1"}],"replies":[{"embeddable":true,"href":"https:\/\/www.egemtv.com\/index.php?rest_route=%2Fwp%2Fv2%2Fcomments&post=13856"}],"version-history":[{"count":1,"href":"https:\/\/www.egemtv.com\/index.php?rest_route=\/wp\/v2\/posts\/13856\/revisions"}],"predecessor-version":[{"id":13858,"href":"https:\/\/www.egemtv.com\/index.php?rest_route=\/wp\/v2\/posts\/13856\/revisions\/13858"}],"wp:featuredmedia":[{"embeddable":true,"href":"https:\/\/www.egemtv.com\/index.php?rest_route=\/wp\/v2\/media\/13857"}],"wp:attachment":[{"href":"https:\/\/www.egemtv.com\/index.php?rest_route=%2Fwp%2Fv2%2Fmedia&parent=13856"}],"wp:term":[{"taxonomy":"category","embeddable":true,"href":"https:\/\/www.egemtv.com\/index.php?rest_route=%2Fwp%2Fv2%2Fcategories&post=13856"},{"taxonomy":"post_tag","embeddable":true,"href":"https:\/\/www.egemtv.com\/index.php?rest_route=%2Fwp%2Fv2%2Ftags&post=13856"}],"curies":[{"name":"wp","href":"https:\/\/api.w.org\/{rel}","templated":true}]}}