{"id":13850,"date":"2025-01-30T17:48:59","date_gmt":"2025-01-30T14:48:59","guid":{"rendered":"https:\/\/www.egemtv.com\/?p=13850"},"modified":"2025-01-30T17:49:03","modified_gmt":"2025-01-30T14:49:03","slug":"denizli-buyuksehir-zabita-ekiplerinden-dilenci-operasyonu","status":"publish","type":"post","link":"https:\/\/www.egemtv.com\/?p=13850","title":{"rendered":"Denizli B\u00fcy\u00fck\u015fehir Zab\u0131ta ekiplerinden dilenci operasyonu"},"content":{"rendered":"<p>Denizli B\u00fcy\u00fck\u015fehir Belediyesi Zab\u0131ta ekipleri vatanda\u015flar\u0131n dini, vicdani ve insani duygular\u0131n\u0131 istismar ederek haks\u0131z kazan\u00e7 elde eden ki\u015filere y\u00f6nelik yapt\u0131\u011f\u0131 operasyonda \u00e7ok say\u0131da dilenci yakalayarak haklar\u0131nda yasal i\u015flemde bulunuldu. Ayn\u0131 zamanda ekipler dilencilerin toplad\u0131klar\u0131 paralara el koydu.<\/p>\n<p>Denizli B\u00fcy\u00fck\u015fehir Belediyesi Zab\u0131ta ekipleri, kent merkezinde ger\u00e7ekle\u015ftirdi\u011fi operasyonla dilencilere y\u00f6nelik denetimlerini s\u0131kla\u015ft\u0131rd\u0131. Vatanda\u015flar\u0131n duygular\u0131n\u0131 istismar ederek haks\u0131z kazan\u00e7 elde eden ki\u015filere y\u00f6nelik yap\u0131lan \u00e7al\u0131\u015fmada, \u00e7ok say\u0131da dilenci yakaland\u0131. Zab\u0131ta ekipleri taraf\u0131ndan yakalanan \u015fah\u0131slar\u0131n dilencilikten elde etti\u011fi paralara el koyuldu. Yakalanan dilencilere \u2018Kabahatler Kanunu\u2019 kapsam\u0131nda cezai i\u015flem uyguland\u0131.<\/p>\n<p>Zab\u0131ta ekiplerinin yapt\u0131\u011f\u0131 bu t\u00fcr denetimlerin artarak devam edece\u011fi belirtildi<br \/>\n<br \/>Denizli B\u00fcy\u00fck\u015fehir Belediyesi Zab\u0131ta Daire Ba\u015fkanl\u0131\u011f\u0131 taraf\u0131ndan yap\u0131lan a\u00e7\u0131klamada, \u00f6zellikle cami \u00f6nleri, kav\u015faklar ve yo\u011fun insan trafi\u011finin oldu\u011fu b\u00f6lgelerde denetimlerin artarak devam edece\u011fi belirtilerek, vatanda\u015flardan bu t\u00fcr ki\u015filere kar\u015f\u0131 duyarl\u0131 olmalar\u0131n\u0131 ve herhangi bir olumsuzluk g\u00f6rd\u00fcklerinde durumu ALO 153\u2019e bildirmeleri istenildi.<br \/><\/p>\n","protected":false},"excerpt":{"rendered":"<p>Denizli B\u00fcy\u00fck\u015fehir Belediyesi Zab\u0131ta ekipleri vatanda\u015flar\u0131n dini, vicdani ve insani duygular\u0131n\u0131 istismar ederek haks\u0131z kazan\u00e7 elde eden ki\u015filere y\u00f6nelik yapt\u0131\u011f\u0131 operasyonda \u00e7ok say\u0131da dilenci yakalayarak haklar\u0131nda yasal i\u015flemde bulunuldu. Ayn\u0131 zamanda ekipler dilencilerin toplad\u0131klar\u0131 paralara el koydu. Denizli B\u00fcy\u00fck\u015fehir Belediyesi Zab\u0131ta ekipleri, kent merkezinde ger\u00e7ekle\u015ftirdi\u011fi operasyonla dilencilere y\u00f6nelik denetimlerini s\u0131kla\u015ft\u0131rd\u0131. Vatanda\u015flar\u0131n duygular\u0131n\u0131 istismar ederek haks\u0131z&#8230;<\/p>\n","protected":false},"author":1,"featured_media":13851,"comment_status":"open","ping_status":"open","sticky":false,"template":"","format":"standard","meta":{"_crdt_document":"","footnotes":""},"categories":[5],"tags":[],"class_list":["post-13850","post","type-post","status-publish","format-standard","has-post-thumbnail","hentry","category-asayis"],"_links":{"self":[{"href":"https:\/\/www.egemtv.com\/index.php?rest_route=\/wp\/v2\/posts\/13850","targetHints":{"allow":["GET"]}}],"collection":[{"href":"https:\/\/www.egemtv.com\/index.php?rest_route=\/wp\/v2\/posts"}],"about":[{"href":"https:\/\/www.egemtv.com\/index.php?rest_route=\/wp\/v2\/types\/post"}],"author":[{"embeddable":true,"href":"https:\/\/www.egemtv.com\/index.php?rest_route=\/wp\/v2\/users\/1"}],"replies":[{"embeddable":true,"href":"https:\/\/www.egemtv.com\/index.php?rest_route=%2Fwp%2Fv2%2Fcomments&post=13850"}],"version-history":[{"count":1,"href":"https:\/\/www.egemtv.com\/index.php?rest_route=\/wp\/v2\/posts\/13850\/revisions"}],"predecessor-version":[{"id":13852,"href":"https:\/\/www.egemtv.com\/index.php?rest_route=\/wp\/v2\/posts\/13850\/revisions\/13852"}],"wp:featuredmedia":[{"embeddable":true,"href":"https:\/\/www.egemtv.com\/index.php?rest_route=\/wp\/v2\/media\/13851"}],"wp:attachment":[{"href":"https:\/\/www.egemtv.com\/index.php?rest_route=%2Fwp%2Fv2%2Fmedia&parent=13850"}],"wp:term":[{"taxonomy":"category","embeddable":true,"href":"https:\/\/www.egemtv.com\/index.php?rest_route=%2Fwp%2Fv2%2Fcategories&post=13850"},{"taxonomy":"post_tag","embeddable":true,"href":"https:\/\/www.egemtv.com\/index.php?rest_route=%2Fwp%2Fv2%2Ftags&post=13850"}],"curies":[{"name":"wp","href":"https:\/\/api.w.org\/{rel}","templated":true}]}}