{"id":13847,"date":"2025-01-30T17:43:15","date_gmt":"2025-01-30T14:43:15","guid":{"rendered":"https:\/\/www.egemtv.com\/?p=13847"},"modified":"2025-01-30T17:43:19","modified_gmt":"2025-01-30T14:43:19","slug":"marmariste-okullar-ikinci-doneme-hazir","status":"publish","type":"post","link":"https:\/\/www.egemtv.com\/?p=13847","title":{"rendered":"Marmaris\u2019te okullar ikinci d\u00f6neme haz\u0131r"},"content":{"rendered":"<p>IHAAW173630-GEN\/30-01-2025<\/p>\n<p>  &#8211; Marmaris\u2019te okullar ikinci d\u00f6neme haz\u0131r  <\/p>\n<p>(Foto\u011frafl\u0131)  <\/p>\n<p>G\u00fcldemet K\u0131z\u0131l  <br \/>MU\u011eLA (\u0130HA) &#8211; Marmaris Belediyesi, ikinci d\u00f6nem ba\u015flamadan okullar\u0131 \u00f6\u011frencilere haz\u0131r hale getirdi. Park ve Bah\u00e7eler, Temizlik \u0130\u015fleri ve Fen \u0130\u015fleri ekipleri okul bah\u00e7elerinde d\u00fczenlemeler yapt\u0131.  <\/p>\n<p>  Marmaris Belediyesi, kamu kurumlar\u0131n\u0131n talepleri do\u011frultusunda ve kendi imkanlar\u0131 dahilinde destekte bulunmaya devam ediyor. Bu kapsamda yar\u0131 tatili f\u0131rsat bilen belediye ekipleri ikinci d\u00f6nem \u00f6ncesi okullarda bak\u0131m, onar\u0131m, bah\u00e7e d\u00fczenlemesi ve temizlik \u00e7al\u0131\u015fmas\u0131 ger\u00e7ekle\u015ftirildi.<\/p>\n<p>  Park ve Bah\u00e7eler ekipleri devlet okullar\u0131n\u0131n bah\u00e7esinde bak\u0131m ve budama yapt\u0131. B\u00fcy\u00fcyen a\u011fa\u00e7 dallar\u0131n\u0131 buday\u0131p, ye\u015fil alanlarda peyzaj \u00e7al\u0131\u015fmas\u0131 yap\u0131l\u0131rken temizlik \u0130\u015fleri \u00e7al\u0131\u015fanlar\u0131 da detayl\u0131 bir temizlik ger\u00e7ekle\u015ftirdi. Fen \u0130\u015fleri personeli de talep edilen okullarda bah\u00e7e d\u00fczenlemesi yapt\u0131.<\/p>\n<p>  Okullardan gelen istek ve taleplere imkanlar dahilinde yerine getirdiklerini ifade eden Marmaris Belediye Ba\u015fkan\u0131 Acar \u00dcnl\u00fc, \u201cBirka\u00e7 g\u00fcn sonra \u00e7ocuk kahkahalar\u0131n\u0131n yank\u0131lanaca\u011f\u0131 bah\u00e7eler bahar aylar\u0131yla beraber daha \u00e7ok kullan\u0131lacak. Biz de bah\u00e7eleri \u00e7ocuklar i\u00e7in haz\u0131r hale getirmeye \u00e7al\u0131\u015ft\u0131k. Onlar tatildeyken okul idarelerinden gelen talepler ve imkanlar\u0131m\u0131z dahilinde \u00e7al\u0131\u015fmalar yapt\u0131k. Ben \u015fimdiden t\u00fcm \u00f6\u011frencilerimize g\u00fczel ve ba\u015far\u0131l\u0131 bir e\u011fitim d\u00f6nemi diliyorum\u201d dedi.<br \/>  (OD-Y)<\/p>\n<p>30.01.2025 17:37:47  TSI<br \/>NNNN<\/p>\n","protected":false},"excerpt":{"rendered":"<p>IHAAW173630-GEN\/30-01-2025 &#8211; Marmaris\u2019te okullar ikinci d\u00f6neme haz\u0131r (Foto\u011frafl\u0131) G\u00fcldemet K\u0131z\u0131l MU\u011eLA (\u0130HA) &#8211; Marmaris Belediyesi, ikinci d\u00f6nem ba\u015flamadan okullar\u0131 \u00f6\u011frencilere haz\u0131r hale getirdi. Park ve Bah\u00e7eler, Temizlik \u0130\u015fleri ve Fen \u0130\u015fleri ekipleri okul bah\u00e7elerinde d\u00fczenlemeler yapt\u0131. Marmaris Belediyesi, kamu kurumlar\u0131n\u0131n talepleri do\u011frultusunda ve kendi imkanlar\u0131 dahilinde destekte bulunmaya devam ediyor. Bu kapsamda yar\u0131 tatili f\u0131rsat&#8230;<\/p>\n","protected":false},"author":1,"featured_media":13848,"comment_status":"open","ping_status":"open","sticky":false,"template":"","format":"standard","meta":{"_crdt_document":"","footnotes":""},"categories":[1],"tags":[],"class_list":["post-13847","post","type-post","status-publish","format-standard","has-post-thumbnail","hentry","category-guncel"],"_links":{"self":[{"href":"https:\/\/www.egemtv.com\/index.php?rest_route=\/wp\/v2\/posts\/13847","targetHints":{"allow":["GET"]}}],"collection":[{"href":"https:\/\/www.egemtv.com\/index.php?rest_route=\/wp\/v2\/posts"}],"about":[{"href":"https:\/\/www.egemtv.com\/index.php?rest_route=\/wp\/v2\/types\/post"}],"author":[{"embeddable":true,"href":"https:\/\/www.egemtv.com\/index.php?rest_route=\/wp\/v2\/users\/1"}],"replies":[{"embeddable":true,"href":"https:\/\/www.egemtv.com\/index.php?rest_route=%2Fwp%2Fv2%2Fcomments&post=13847"}],"version-history":[{"count":1,"href":"https:\/\/www.egemtv.com\/index.php?rest_route=\/wp\/v2\/posts\/13847\/revisions"}],"predecessor-version":[{"id":13849,"href":"https:\/\/www.egemtv.com\/index.php?rest_route=\/wp\/v2\/posts\/13847\/revisions\/13849"}],"wp:featuredmedia":[{"embeddable":true,"href":"https:\/\/www.egemtv.com\/index.php?rest_route=\/wp\/v2\/media\/13848"}],"wp:attachment":[{"href":"https:\/\/www.egemtv.com\/index.php?rest_route=%2Fwp%2Fv2%2Fmedia&parent=13847"}],"wp:term":[{"taxonomy":"category","embeddable":true,"href":"https:\/\/www.egemtv.com\/index.php?rest_route=%2Fwp%2Fv2%2Fcategories&post=13847"},{"taxonomy":"post_tag","embeddable":true,"href":"https:\/\/www.egemtv.com\/index.php?rest_route=%2Fwp%2Fv2%2Ftags&post=13847"}],"curies":[{"name":"wp","href":"https:\/\/api.w.org\/{rel}","templated":true}]}}