{"id":13844,"date":"2025-01-30T17:24:45","date_gmt":"2025-01-30T14:24:45","guid":{"rendered":"https:\/\/www.egemtv.com\/?p=13844"},"modified":"2025-01-30T17:24:47","modified_gmt":"2025-01-30T14:24:47","slug":"denizli-osbden-kizilayin-yuruttugu-kan-bagisi-kampanyasina-destek","status":"publish","type":"post","link":"https:\/\/www.egemtv.com\/?p=13844","title":{"rendered":"Denizli OSB\u2019den K\u0131z\u0131lay\u2019\u0131n y\u00fcr\u00fctt\u00fc\u011f\u00fc kan ba\u011f\u0131\u015f\u0131 kampanyas\u0131na destek"},"content":{"rendered":"<p>Denizli Organize Sanayi B\u00f6lge M\u00fcd\u00fcrl\u00fc\u011f\u00fc personeli ve b\u00f6lgede yer alan firmalar\u0131n \u00e7al\u0131\u015fanlar\u0131 T\u00fcrk K\u0131z\u0131lay\u2019\u0131 Denizli \u015eubesi\u2019nin y\u00fcr\u00fctt\u00fc\u011f\u00fc kan ba\u011f\u0131\u015f\u0131 kampanyas\u0131na destek verdi.<\/p>\n<p>Sosyal sorumluluk projelerine g\u00f6sterdi\u011fi katk\u0131larla ad\u0131ndan s\u0131k\u00e7a s\u00f6z ettiren Denizli Organize Sanayi B\u00f6lge M\u00fcd\u00fcrl\u00fc\u011f\u00fc, anlaml\u0131 bir ba\u011f\u0131\u015fa daha imza att\u0131. B\u00f6lge M\u00fcd\u00fcrl\u00fc\u011f\u00fc, her y\u0131l oldu\u011fu gibi bu y\u0131l da T\u00fcrk K\u0131z\u0131lay\u2019\u0131 Denizli \u015eubesi\u2019nin y\u00fcr\u00fctt\u00fc\u011f\u00fc kan ba\u011f\u0131\u015f\u0131 kampanyas\u0131na destek verdi. OSB\u2019deki g\u00f6n\u00fcll\u00fcler ve b\u00f6lgede yer alan firmalar\u0131n \u00e7al\u0131\u015fanlar\u0131 hizmet binas\u0131nda kan ba\u011f\u0131\u015f\u0131nda bulunarak verdikleri 1 \u00fcnite kanla 3 hayata dokundular.<\/p>\n<p>Kan ba\u011f\u0131\u015f\u0131 kampanyas\u0131na destek vermenin \u00f6nemine vurgu yapan Denizli OSB Y\u00f6netim Kurulu Ba\u015fkan\u0131 Derya Baltal\u0131; \u201cT\u00fcrk K\u0131z\u0131lay\u0131\u2019m\u0131z\u0131n y\u00fcr\u00fctt\u00fc\u011f\u00fc kan ba\u011f\u0131\u015f\u0131 kampanyas\u0131na her y\u0131l oldu\u011fu gibi bu y\u0131l da personelimizle, g\u00f6n\u00fcll\u00fclerimizle destek veriyoruz. Kan ba\u011f\u0131\u015f\u0131 \u00f6nemli bir vatanda\u015fl\u0131k g\u00f6revidir. D\u00fczenli bir \u015fekilde kan ba\u011f\u0131\u015f\u0131nda bulunarak pek \u00e7ok ki\u015finin hayat\u0131na dokunabiliriz. Bu nedenle kan ba\u011f\u0131\u015f\u0131n\u0131 \u00f6nemsiyor, kan\u0131n acil de\u011fil, s\u00fcrekli bir ihtiya\u00e7 oldu\u011funu da vurguluyoruz\u201d dedi.<br \/><\/p>\n","protected":false},"excerpt":{"rendered":"<p>Denizli Organize Sanayi B\u00f6lge M\u00fcd\u00fcrl\u00fc\u011f\u00fc personeli ve b\u00f6lgede yer alan firmalar\u0131n \u00e7al\u0131\u015fanlar\u0131 T\u00fcrk K\u0131z\u0131lay\u2019\u0131 Denizli \u015eubesi\u2019nin y\u00fcr\u00fctt\u00fc\u011f\u00fc kan ba\u011f\u0131\u015f\u0131 kampanyas\u0131na destek verdi. Sosyal sorumluluk projelerine g\u00f6sterdi\u011fi katk\u0131larla ad\u0131ndan s\u0131k\u00e7a s\u00f6z ettiren Denizli Organize Sanayi B\u00f6lge M\u00fcd\u00fcrl\u00fc\u011f\u00fc, anlaml\u0131 bir ba\u011f\u0131\u015fa daha imza att\u0131. B\u00f6lge M\u00fcd\u00fcrl\u00fc\u011f\u00fc, her y\u0131l oldu\u011fu gibi bu y\u0131l da T\u00fcrk K\u0131z\u0131lay\u2019\u0131 Denizli \u015eubesi\u2019nin&#8230;<\/p>\n","protected":false},"author":1,"featured_media":13845,"comment_status":"open","ping_status":"open","sticky":false,"template":"","format":"standard","meta":{"_crdt_document":"","footnotes":""},"categories":[2],"tags":[],"class_list":["post-13844","post","type-post","status-publish","format-standard","has-post-thumbnail","hentry","category-saglik"],"_links":{"self":[{"href":"https:\/\/www.egemtv.com\/index.php?rest_route=\/wp\/v2\/posts\/13844","targetHints":{"allow":["GET"]}}],"collection":[{"href":"https:\/\/www.egemtv.com\/index.php?rest_route=\/wp\/v2\/posts"}],"about":[{"href":"https:\/\/www.egemtv.com\/index.php?rest_route=\/wp\/v2\/types\/post"}],"author":[{"embeddable":true,"href":"https:\/\/www.egemtv.com\/index.php?rest_route=\/wp\/v2\/users\/1"}],"replies":[{"embeddable":true,"href":"https:\/\/www.egemtv.com\/index.php?rest_route=%2Fwp%2Fv2%2Fcomments&post=13844"}],"version-history":[{"count":1,"href":"https:\/\/www.egemtv.com\/index.php?rest_route=\/wp\/v2\/posts\/13844\/revisions"}],"predecessor-version":[{"id":13846,"href":"https:\/\/www.egemtv.com\/index.php?rest_route=\/wp\/v2\/posts\/13844\/revisions\/13846"}],"wp:featuredmedia":[{"embeddable":true,"href":"https:\/\/www.egemtv.com\/index.php?rest_route=\/wp\/v2\/media\/13845"}],"wp:attachment":[{"href":"https:\/\/www.egemtv.com\/index.php?rest_route=%2Fwp%2Fv2%2Fmedia&parent=13844"}],"wp:term":[{"taxonomy":"category","embeddable":true,"href":"https:\/\/www.egemtv.com\/index.php?rest_route=%2Fwp%2Fv2%2Fcategories&post=13844"},{"taxonomy":"post_tag","embeddable":true,"href":"https:\/\/www.egemtv.com\/index.php?rest_route=%2Fwp%2Fv2%2Ftags&post=13844"}],"curies":[{"name":"wp","href":"https:\/\/api.w.org\/{rel}","templated":true}]}}