{"id":13841,"date":"2025-01-30T17:06:43","date_gmt":"2025-01-30T14:06:43","guid":{"rendered":"https:\/\/www.egemtv.com\/?p=13841"},"modified":"2025-01-30T17:06:45","modified_gmt":"2025-01-30T14:06:45","slug":"aydinli-sporcular-halter-sampiyonasindan-derece-ile-dondu","status":"publish","type":"post","link":"https:\/\/www.egemtv.com\/?p=13841","title":{"rendered":"Ayd\u0131nl\u0131 sporcular halter \u015fampiyonas\u0131ndan derece ile d\u00f6nd\u00fc"},"content":{"rendered":"<p>Ayd\u0131n Gen\u00e7lik ve Spor \u0130l M\u00fcd\u00fcrl\u00fc\u011f\u00fc Spor Kul\u00fcb\u00fc Sporcusu Burcu \u0130ldem Ger\u00e7ekden, 76 kg kategorisinde alt\u0131n madalya kazanarak T\u00fcrkiye birincisi oldu. B\u00fcy\u00fckler T\u00fcrkiye \u015eampiyonas\u0131nda ise Emine Tun\u00e7, 81 kg kategorisinde bronz madalya kazanarak T\u00fcrkiye \u00fc\u00e7\u00fcnc\u00fcs\u00fc unvan\u0131n\u0131 elde etti.<br \/>\n<br \/>Dereceye giren sporcular\u0131 ve antren\u00f6rleri Arif Ko\u00e7, ba\u015far\u0131lar\u0131n\u0131n ard\u0131ndan Ayd\u0131n Gen\u00e7lik ve Spor \u0130l M\u00fcd\u00fcr\u00fc Cenap F\u0130llik\u00e7io\u011flu\u2019nu makam\u0131nda ziyaret ederek bu gururu payla\u015ft\u0131lar. Fillik\u00e7io\u011flu, sporcular\u0131 tebrik ederek Ayd\u0131n\u2019a bu gururu ya\u015fatt\u0131klar\u0131 i\u00e7in te\u015fekk\u00fcr etti. Ayr\u0131ca, ba\u015far\u0131da b\u00fcy\u00fck pay sahibi olan antren\u00f6rlerini de kutlayarak te\u015fekk\u00fcrlerini iletti.<br \/><\/p>\n","protected":false},"excerpt":{"rendered":"<p>Ayd\u0131n Gen\u00e7lik ve Spor \u0130l M\u00fcd\u00fcrl\u00fc\u011f\u00fc Spor Kul\u00fcb\u00fc Sporcusu Burcu \u0130ldem Ger\u00e7ekden, 76 kg kategorisinde alt\u0131n madalya kazanarak T\u00fcrkiye birincisi oldu. B\u00fcy\u00fckler T\u00fcrkiye \u015eampiyonas\u0131nda ise Emine Tun\u00e7, 81 kg kategorisinde bronz madalya kazanarak T\u00fcrkiye \u00fc\u00e7\u00fcnc\u00fcs\u00fc unvan\u0131n\u0131 elde etti. Dereceye giren sporcular\u0131 ve antren\u00f6rleri Arif Ko\u00e7, ba\u015far\u0131lar\u0131n\u0131n ard\u0131ndan Ayd\u0131n Gen\u00e7lik ve Spor \u0130l M\u00fcd\u00fcr\u00fc Cenap F\u0130llik\u00e7io\u011flu\u2019nu&#8230;<\/p>\n","protected":false},"author":1,"featured_media":13842,"comment_status":"open","ping_status":"open","sticky":false,"template":"","format":"standard","meta":{"_crdt_document":"","footnotes":""},"categories":[4],"tags":[],"class_list":["post-13841","post","type-post","status-publish","format-standard","has-post-thumbnail","hentry","category-spor"],"_links":{"self":[{"href":"https:\/\/www.egemtv.com\/index.php?rest_route=\/wp\/v2\/posts\/13841","targetHints":{"allow":["GET"]}}],"collection":[{"href":"https:\/\/www.egemtv.com\/index.php?rest_route=\/wp\/v2\/posts"}],"about":[{"href":"https:\/\/www.egemtv.com\/index.php?rest_route=\/wp\/v2\/types\/post"}],"author":[{"embeddable":true,"href":"https:\/\/www.egemtv.com\/index.php?rest_route=\/wp\/v2\/users\/1"}],"replies":[{"embeddable":true,"href":"https:\/\/www.egemtv.com\/index.php?rest_route=%2Fwp%2Fv2%2Fcomments&post=13841"}],"version-history":[{"count":1,"href":"https:\/\/www.egemtv.com\/index.php?rest_route=\/wp\/v2\/posts\/13841\/revisions"}],"predecessor-version":[{"id":13843,"href":"https:\/\/www.egemtv.com\/index.php?rest_route=\/wp\/v2\/posts\/13841\/revisions\/13843"}],"wp:featuredmedia":[{"embeddable":true,"href":"https:\/\/www.egemtv.com\/index.php?rest_route=\/wp\/v2\/media\/13842"}],"wp:attachment":[{"href":"https:\/\/www.egemtv.com\/index.php?rest_route=%2Fwp%2Fv2%2Fmedia&parent=13841"}],"wp:term":[{"taxonomy":"category","embeddable":true,"href":"https:\/\/www.egemtv.com\/index.php?rest_route=%2Fwp%2Fv2%2Fcategories&post=13841"},{"taxonomy":"post_tag","embeddable":true,"href":"https:\/\/www.egemtv.com\/index.php?rest_route=%2Fwp%2Fv2%2Ftags&post=13841"}],"curies":[{"name":"wp","href":"https:\/\/api.w.org\/{rel}","templated":true}]}}