{"id":13838,"date":"2025-01-30T16:43:18","date_gmt":"2025-01-30T13:43:18","guid":{"rendered":"https:\/\/www.egemtv.com\/?p=13838"},"modified":"2025-01-30T16:43:20","modified_gmt":"2025-01-30T13:43:20","slug":"kulada-yeni-okullar-egitime-acilmak-icin-gun-sayiyor","status":"publish","type":"post","link":"https:\/\/www.egemtv.com\/?p=13838","title":{"rendered":"Kula\u2019da yeni okullar e\u011fitime a\u00e7\u0131lmak i\u00e7in g\u00fcn say\u0131yor"},"content":{"rendered":"<p>Manisa\u2019n\u0131n Kula il\u00e7esinde, 2019-2020 e\u011fitim-\u00f6\u011fretim y\u0131l\u0131n\u0131n ikinci d\u00f6neminde deprem tahkik raporlar\u0131 do\u011frultusunda y\u0131k\u0131m karar\u0131 al\u0131nan 4 Eyl\u00fcl Ahmet ve Sabahat \u00d6zmen \u0130lkokulu ve Ortaokulu, Kula Tapduk Emre \u0130lkokulu ve Kula Jeopark Ortaokulunun yeniden in\u015fa s\u00fcreci tamamland\u0131. Kula Kaymakam\u0131 \u00d6mer Ahmet \u00d6zdemir, beraberindeki heyet ile birlikte e\u011fitim \u00f6\u011fretim faaliyetlerine a\u00e7\u0131lmas\u0131 i\u00e7in g\u00fcn say\u0131lan okullar\u0131n son durumu yerinde inceledi.<br \/>\n<br \/>4 Eyl\u00fcl Ahmet ve Sabahat \u00d6zmen \u0130lkokulu ve Ortaokulu, Kula Tapduk Emre \u0130lkokulu ve Kula Jeopark Ortaokulu, 2020 y\u0131l\u0131n\u0131n ba\u015flar\u0131nda riskli deprem hatt\u0131nda bulunan Manisa ve \u00e7evresinde ya\u015fanan depremlerin ard\u0131ndan ba\u015flat\u0131lan deprem tahkik raporlar\u0131 \u00e7er\u00e7evesinde deprem riski ta\u015f\u0131yan okul olarak tespit edilmi\u015f ve y\u0131k\u0131lmas\u0131 i\u00e7in \u00e7al\u0131\u015fmalara ba\u015flanm\u0131\u015ft\u0131. 2020 y\u0131l\u0131ndan bu yana in\u015fas\u0131 s\u00fcren okullarda art\u0131k sona gelindi. \u0130n\u015fa s\u00fcreci tamamlanan okullar\u0131n ince i\u015f\u00e7iliklerin tamamlanmas\u0131 ve elektrik, su ve do\u011falgaz aboneliklerinin al\u0131nmas\u0131ndan sonra e\u011fitim ve \u00f6\u011fretim faaliyetlerine a\u00e7\u0131lmas\u0131 hedefleniyor. Kula Kaymakam\u0131 \u00d6mer Ahmet \u00d6zdemir, beraberindeki Kula \u0130l\u00e7e Milli E\u011fitim M\u00fcd\u00fcr\u00fc Zakir Okulmu\u015f ile birlikte okullar\u0131n son durumunu yerinde inceledi. Kula\u2019daki e\u011fitim faaliyetlerine bir yenilik sa\u011flayacak okullar\u0131n hizmete a\u00e7\u0131lmas\u0131 i\u00e7in g\u00fcn sayd\u0131klar\u0131n\u0131n alt\u0131n\u0131 \u00e7izen Kaymakam \u00d6mer Ahmet \u00d6zdemir, yeni okullar\u0131n Kula\u2019ya hay\u0131rl\u0131 olmas\u0131n\u0131 temenni etti.<br \/><\/p>\n","protected":false},"excerpt":{"rendered":"<p>Manisa\u2019n\u0131n Kula il\u00e7esinde, 2019-2020 e\u011fitim-\u00f6\u011fretim y\u0131l\u0131n\u0131n ikinci d\u00f6neminde deprem tahkik raporlar\u0131 do\u011frultusunda y\u0131k\u0131m karar\u0131 al\u0131nan 4 Eyl\u00fcl Ahmet ve Sabahat \u00d6zmen \u0130lkokulu ve Ortaokulu, Kula Tapduk Emre \u0130lkokulu ve Kula Jeopark Ortaokulunun yeniden in\u015fa s\u00fcreci tamamland\u0131. Kula Kaymakam\u0131 \u00d6mer Ahmet \u00d6zdemir, beraberindeki heyet ile birlikte e\u011fitim \u00f6\u011fretim faaliyetlerine a\u00e7\u0131lmas\u0131 i\u00e7in g\u00fcn say\u0131lan okullar\u0131n son durumu&#8230;<\/p>\n","protected":false},"author":1,"featured_media":13839,"comment_status":"open","ping_status":"open","sticky":false,"template":"","format":"standard","meta":{"_crdt_document":"","footnotes":""},"categories":[1],"tags":[],"class_list":["post-13838","post","type-post","status-publish","format-standard","has-post-thumbnail","hentry","category-guncel"],"_links":{"self":[{"href":"https:\/\/www.egemtv.com\/index.php?rest_route=\/wp\/v2\/posts\/13838","targetHints":{"allow":["GET"]}}],"collection":[{"href":"https:\/\/www.egemtv.com\/index.php?rest_route=\/wp\/v2\/posts"}],"about":[{"href":"https:\/\/www.egemtv.com\/index.php?rest_route=\/wp\/v2\/types\/post"}],"author":[{"embeddable":true,"href":"https:\/\/www.egemtv.com\/index.php?rest_route=\/wp\/v2\/users\/1"}],"replies":[{"embeddable":true,"href":"https:\/\/www.egemtv.com\/index.php?rest_route=%2Fwp%2Fv2%2Fcomments&post=13838"}],"version-history":[{"count":1,"href":"https:\/\/www.egemtv.com\/index.php?rest_route=\/wp\/v2\/posts\/13838\/revisions"}],"predecessor-version":[{"id":13840,"href":"https:\/\/www.egemtv.com\/index.php?rest_route=\/wp\/v2\/posts\/13838\/revisions\/13840"}],"wp:featuredmedia":[{"embeddable":true,"href":"https:\/\/www.egemtv.com\/index.php?rest_route=\/wp\/v2\/media\/13839"}],"wp:attachment":[{"href":"https:\/\/www.egemtv.com\/index.php?rest_route=%2Fwp%2Fv2%2Fmedia&parent=13838"}],"wp:term":[{"taxonomy":"category","embeddable":true,"href":"https:\/\/www.egemtv.com\/index.php?rest_route=%2Fwp%2Fv2%2Fcategories&post=13838"},{"taxonomy":"post_tag","embeddable":true,"href":"https:\/\/www.egemtv.com\/index.php?rest_route=%2Fwp%2Fv2%2Ftags&post=13838"}],"curies":[{"name":"wp","href":"https:\/\/api.w.org\/{rel}","templated":true}]}}