{"id":13835,"date":"2025-01-30T16:43:16","date_gmt":"2025-01-30T13:43:16","guid":{"rendered":"https:\/\/www.egemtv.com\/?p=13835"},"modified":"2025-01-30T16:43:18","modified_gmt":"2025-01-30T13:43:18","slug":"azerbaycan-tarim-bakanligi-heyeti-muglada-su-urunleri-tesislerini-inceledi","status":"publish","type":"post","link":"https:\/\/www.egemtv.com\/?p=13835","title":{"rendered":"Azerbaycan Tar\u0131m Bakanl\u0131\u011f\u0131 heyeti Mu\u011fla\u2019da su \u00fcr\u00fcnleri tesislerini inceledi"},"content":{"rendered":"<p>Azerbaycan Tar\u0131m Bakanl\u0131\u011f\u0131 heyeti, Bakan Dan\u0131\u015fman\u0131 Zaur Aliev ba\u015fkanl\u0131\u011f\u0131nda Mu\u011fla\u2019ya ziyaret ger\u00e7ekle\u015ftirerek su \u00fcr\u00fcnleri sekt\u00f6r\u00fcndeki \u00f6nemli tesislerde incelemelerde bulundu.<\/p>\n<p>Heyet, yem fabrikalar\u0131, kulu\u00e7kahaneler, \u00fcretim ve i\u015fleme tesislerini ziyaret ederek sekt\u00f6r\u00fcn i\u015fleyi\u015fi hakk\u0131nda detayl\u0131 bilgiler ald\u0131. Ziyaret kapsam\u0131nda Mu\u011fla Tar\u0131m ve Orman M\u00fcd\u00fcr\u00fc\u2019ne hay\u0131rl\u0131 olsun dileklerini ileten Azerbaycan heyeti, T\u00fcrkiye ile Azerbaycan aras\u0131ndaki tar\u0131msal i\u015f birli\u011finin g\u00fc\u00e7lendirilmesi ad\u0131na bu t\u00fcr ziyaretlerin \u00f6nemli bir ad\u0131m oldu\u011funu vurgulad\u0131.<\/p>\n<p>Sekt\u00f6rdeki geli\u015fimi desteklemek ve kar\u015f\u0131l\u0131kl\u0131 deneyim payla\u015f\u0131m\u0131n\u0131 art\u0131rmak amac\u0131yla yap\u0131lan bu ziyaret, su \u00fcr\u00fcnleri alan\u0131nda s\u00fcrd\u00fcr\u00fclebilir \u00fcretim ve yenilik\u00e7i uygulamalar\u0131n ele al\u0131nd\u0131\u011f\u0131 verimli bir \u00e7al\u0131\u015fma oldu.<br \/><\/p>\n","protected":false},"excerpt":{"rendered":"<p>Azerbaycan Tar\u0131m Bakanl\u0131\u011f\u0131 heyeti, Bakan Dan\u0131\u015fman\u0131 Zaur Aliev ba\u015fkanl\u0131\u011f\u0131nda Mu\u011fla\u2019ya ziyaret ger\u00e7ekle\u015ftirerek su \u00fcr\u00fcnleri sekt\u00f6r\u00fcndeki \u00f6nemli tesislerde incelemelerde bulundu. Heyet, yem fabrikalar\u0131, kulu\u00e7kahaneler, \u00fcretim ve i\u015fleme tesislerini ziyaret ederek sekt\u00f6r\u00fcn i\u015fleyi\u015fi hakk\u0131nda detayl\u0131 bilgiler ald\u0131. Ziyaret kapsam\u0131nda Mu\u011fla Tar\u0131m ve Orman M\u00fcd\u00fcr\u00fc\u2019ne hay\u0131rl\u0131 olsun dileklerini ileten Azerbaycan heyeti, T\u00fcrkiye ile Azerbaycan aras\u0131ndaki tar\u0131msal i\u015f birli\u011finin&#8230;<\/p>\n","protected":false},"author":1,"featured_media":13836,"comment_status":"open","ping_status":"open","sticky":false,"template":"","format":"standard","meta":{"_crdt_document":"","footnotes":""},"categories":[1],"tags":[],"class_list":["post-13835","post","type-post","status-publish","format-standard","has-post-thumbnail","hentry","category-guncel"],"_links":{"self":[{"href":"https:\/\/www.egemtv.com\/index.php?rest_route=\/wp\/v2\/posts\/13835","targetHints":{"allow":["GET"]}}],"collection":[{"href":"https:\/\/www.egemtv.com\/index.php?rest_route=\/wp\/v2\/posts"}],"about":[{"href":"https:\/\/www.egemtv.com\/index.php?rest_route=\/wp\/v2\/types\/post"}],"author":[{"embeddable":true,"href":"https:\/\/www.egemtv.com\/index.php?rest_route=\/wp\/v2\/users\/1"}],"replies":[{"embeddable":true,"href":"https:\/\/www.egemtv.com\/index.php?rest_route=%2Fwp%2Fv2%2Fcomments&post=13835"}],"version-history":[{"count":1,"href":"https:\/\/www.egemtv.com\/index.php?rest_route=\/wp\/v2\/posts\/13835\/revisions"}],"predecessor-version":[{"id":13837,"href":"https:\/\/www.egemtv.com\/index.php?rest_route=\/wp\/v2\/posts\/13835\/revisions\/13837"}],"wp:featuredmedia":[{"embeddable":true,"href":"https:\/\/www.egemtv.com\/index.php?rest_route=\/wp\/v2\/media\/13836"}],"wp:attachment":[{"href":"https:\/\/www.egemtv.com\/index.php?rest_route=%2Fwp%2Fv2%2Fmedia&parent=13835"}],"wp:term":[{"taxonomy":"category","embeddable":true,"href":"https:\/\/www.egemtv.com\/index.php?rest_route=%2Fwp%2Fv2%2Fcategories&post=13835"},{"taxonomy":"post_tag","embeddable":true,"href":"https:\/\/www.egemtv.com\/index.php?rest_route=%2Fwp%2Fv2%2Ftags&post=13835"}],"curies":[{"name":"wp","href":"https:\/\/api.w.org\/{rel}","templated":true}]}}