{"id":13832,"date":"2025-01-30T16:40:43","date_gmt":"2025-01-30T13:40:43","guid":{"rendered":"https:\/\/www.egemtv.com\/?p=13832"},"modified":"2025-01-30T16:40:45","modified_gmt":"2025-01-30T13:40:45","slug":"usakta-yanan-aracta-cesedi-bulunan-genc-kutahyada-son-yolculuguna-ugurlandi","status":"publish","type":"post","link":"https:\/\/www.egemtv.com\/?p=13832","title":{"rendered":"U\u015fak\u2019ta yanan ara\u00e7ta cesedi bulunan gen\u00e7, K\u00fctahya\u2019da son yolculu\u011funa u\u011furland\u0131"},"content":{"rendered":"<p>U\u015fak\u2019ta yol kenar\u0131nda yanan bir otomobilde yanm\u0131\u015f halde cesedi bulunan Serkan Kay\u0131m, K\u00fctahya\u2019n\u0131n Hisarc\u0131k il\u00e7esi Kutluhallar k\u00f6y\u00fcnde topra\u011fa verildi.<br \/>\n<br \/>Olay, U\u015fak Atat\u00fcrk Mahallesi Fahri Korut\u00fcrk Caddesi\u2019nde meydana geldi. Gece saatlerinde yol kenar\u0131nda park halindeki bir otomobil, bilinmeyen bir nedenle alev alev yand\u0131. Otomobilin yand\u0131\u011f\u0131n\u0131 g\u00f6renler durumu 112 Acil \u00c7a\u011fr\u0131 Merkezi\u2019ne bildirdi. \u0130hbar \u00fczerine olay yerine 112 Acil Sa\u011fl\u0131k, polis ve itfaiye ekipleri sevk edildi. \u0130tfaiye ekiplerinin s\u00f6nd\u00fcrme \u00e7al\u0131\u015fmalar\u0131n\u0131n ard\u0131ndan kullan\u0131lamaz hale gelen otomobilin i\u00e7inde bir ki\u015finin yanm\u0131\u015f cesedini bulundu. Polis ekipleri olay yerinde geni\u015f \u00e7apl\u0131 g\u00fcvenlik \u00f6nlemi al\u0131rken, olay yeri inceleme ekiplerince yanan ara\u00e7ta \u00e7al\u0131\u015fma ba\u015flat\u0131ld\u0131. Otomobilin i\u00e7erisinde yanan cesedin 38 ya\u015f\u0131ndaki Serkan Kay\u0131m\u2019a ait oldu\u011fu belirlenirken polis olayla ilgili geni\u015f \u00e7apl\u0131 inceleme ba\u015flatt\u0131.<br \/>\n<br \/>1 \u00e7ocuk babas\u0131 Serkan Kay\u0131m\u2019\u0131n cenazesi memleketi K\u00fctahya\u2019n\u0131n Hisarc\u0131k il\u00e7esi Kutluhallar k\u00f6y\u00fcnde topra\u011fa verildi.<br \/><\/p>\n","protected":false},"excerpt":{"rendered":"<p>U\u015fak\u2019ta yol kenar\u0131nda yanan bir otomobilde yanm\u0131\u015f halde cesedi bulunan Serkan Kay\u0131m, K\u00fctahya\u2019n\u0131n Hisarc\u0131k il\u00e7esi Kutluhallar k\u00f6y\u00fcnde topra\u011fa verildi. Olay, U\u015fak Atat\u00fcrk Mahallesi Fahri Korut\u00fcrk Caddesi\u2019nde meydana geldi. Gece saatlerinde yol kenar\u0131nda park halindeki bir otomobil, bilinmeyen bir nedenle alev alev yand\u0131. Otomobilin yand\u0131\u011f\u0131n\u0131 g\u00f6renler durumu 112 Acil \u00c7a\u011fr\u0131 Merkezi\u2019ne bildirdi. \u0130hbar \u00fczerine olay yerine&#8230;<\/p>\n","protected":false},"author":1,"featured_media":13833,"comment_status":"open","ping_status":"open","sticky":false,"template":"","format":"standard","meta":{"_crdt_document":"","footnotes":""},"categories":[5],"tags":[],"class_list":["post-13832","post","type-post","status-publish","format-standard","has-post-thumbnail","hentry","category-asayis"],"_links":{"self":[{"href":"https:\/\/www.egemtv.com\/index.php?rest_route=\/wp\/v2\/posts\/13832","targetHints":{"allow":["GET"]}}],"collection":[{"href":"https:\/\/www.egemtv.com\/index.php?rest_route=\/wp\/v2\/posts"}],"about":[{"href":"https:\/\/www.egemtv.com\/index.php?rest_route=\/wp\/v2\/types\/post"}],"author":[{"embeddable":true,"href":"https:\/\/www.egemtv.com\/index.php?rest_route=\/wp\/v2\/users\/1"}],"replies":[{"embeddable":true,"href":"https:\/\/www.egemtv.com\/index.php?rest_route=%2Fwp%2Fv2%2Fcomments&post=13832"}],"version-history":[{"count":1,"href":"https:\/\/www.egemtv.com\/index.php?rest_route=\/wp\/v2\/posts\/13832\/revisions"}],"predecessor-version":[{"id":13834,"href":"https:\/\/www.egemtv.com\/index.php?rest_route=\/wp\/v2\/posts\/13832\/revisions\/13834"}],"wp:featuredmedia":[{"embeddable":true,"href":"https:\/\/www.egemtv.com\/index.php?rest_route=\/wp\/v2\/media\/13833"}],"wp:attachment":[{"href":"https:\/\/www.egemtv.com\/index.php?rest_route=%2Fwp%2Fv2%2Fmedia&parent=13832"}],"wp:term":[{"taxonomy":"category","embeddable":true,"href":"https:\/\/www.egemtv.com\/index.php?rest_route=%2Fwp%2Fv2%2Fcategories&post=13832"},{"taxonomy":"post_tag","embeddable":true,"href":"https:\/\/www.egemtv.com\/index.php?rest_route=%2Fwp%2Fv2%2Ftags&post=13832"}],"curies":[{"name":"wp","href":"https:\/\/api.w.org\/{rel}","templated":true}]}}