{"id":13829,"date":"2025-01-30T16:40:40","date_gmt":"2025-01-30T13:40:40","guid":{"rendered":"https:\/\/www.egemtv.com\/?p=13829"},"modified":"2025-01-30T16:40:42","modified_gmt":"2025-01-30T13:40:42","slug":"koycegizde-kore-gazisi-avci-son-yolculuguna-ugurlandi","status":"publish","type":"post","link":"https:\/\/www.egemtv.com\/?p=13829","title":{"rendered":"K\u00f6yce\u011fiz\u2019de Kore Gazisi Avc\u0131, son yolculu\u011funa u\u011furland\u0131"},"content":{"rendered":"<p>Mu\u011fla\u2019n\u0131n K\u00f6yce\u011fiz il\u00e7esinde vefat eden Kore Gazisi Halil Avc\u0131 (95), d\u00fczenlenen t\u00f6renle son yolculu\u011funa u\u011furland\u0131.<\/p>\n<p>K\u00f6yce\u011fiz\u2019de ya\u015fayan Kore Gazisi Halil Avc\u0131 (95), ya\u015fl\u0131l\u0131\u011fa ba\u011fl\u0131 rahats\u0131zl\u0131klar\u0131 nedeniyle ya\u015fam\u0131n\u0131 yitirdi. Gazi Halil Avc\u0131 i\u00e7in K\u00f6yce\u011fiz Toparlar Mahallesi\u2019nde cenaze t\u00f6reni d\u00fczenlendi. Toparlar Mahallesi Merkez Camiinde, \u00d6\u011fle namaz\u0131ndan sonra K\u00f6yce\u011fiz \u0130l\u00e7e M\u00fcft\u00fcs\u00fc Ahmet Karag\u00f6z\u2019\u00fcn k\u0131ld\u0131rd\u0131\u011f\u0131 cenaze namaz\u0131n\u0131n ard\u0131ndan Avc\u0131\u2019n\u0131n naa\u015f\u0131, askerler taraf\u0131ndan omuzlanarak cenaze arac\u0131na konuldu. Avc\u0131\u2019n\u0131n cenazesi Toparlar Mahallesi T\u00fcrbe Mezarl\u0131\u011f\u0131\u2019nda topra\u011fa verildi. Gazi Halil Avc\u0131\u2019n\u0131n cenaze t\u00f6renine ailesi ve yak\u0131nlar\u0131, daire amirleri, askeri yetkililer, mahalle muhtarlar\u0131, gaziler ve \u00e7ok say\u0131da vatanda\u015f kat\u0131ld\u0131.<br \/><\/p>\n","protected":false},"excerpt":{"rendered":"<p>Mu\u011fla\u2019n\u0131n K\u00f6yce\u011fiz il\u00e7esinde vefat eden Kore Gazisi Halil Avc\u0131 (95), d\u00fczenlenen t\u00f6renle son yolculu\u011funa u\u011furland\u0131. K\u00f6yce\u011fiz\u2019de ya\u015fayan Kore Gazisi Halil Avc\u0131 (95), ya\u015fl\u0131l\u0131\u011fa ba\u011fl\u0131 rahats\u0131zl\u0131klar\u0131 nedeniyle ya\u015fam\u0131n\u0131 yitirdi. Gazi Halil Avc\u0131 i\u00e7in K\u00f6yce\u011fiz Toparlar Mahallesi\u2019nde cenaze t\u00f6reni d\u00fczenlendi. Toparlar Mahallesi Merkez Camiinde, \u00d6\u011fle namaz\u0131ndan sonra K\u00f6yce\u011fiz \u0130l\u00e7e M\u00fcft\u00fcs\u00fc Ahmet Karag\u00f6z\u2019\u00fcn k\u0131ld\u0131rd\u0131\u011f\u0131 cenaze namaz\u0131n\u0131n ard\u0131ndan Avc\u0131\u2019n\u0131n&#8230;<\/p>\n","protected":false},"author":1,"featured_media":13830,"comment_status":"open","ping_status":"open","sticky":false,"template":"","format":"standard","meta":{"_crdt_document":"","footnotes":""},"categories":[1],"tags":[],"class_list":["post-13829","post","type-post","status-publish","format-standard","has-post-thumbnail","hentry","category-guncel"],"_links":{"self":[{"href":"https:\/\/www.egemtv.com\/index.php?rest_route=\/wp\/v2\/posts\/13829","targetHints":{"allow":["GET"]}}],"collection":[{"href":"https:\/\/www.egemtv.com\/index.php?rest_route=\/wp\/v2\/posts"}],"about":[{"href":"https:\/\/www.egemtv.com\/index.php?rest_route=\/wp\/v2\/types\/post"}],"author":[{"embeddable":true,"href":"https:\/\/www.egemtv.com\/index.php?rest_route=\/wp\/v2\/users\/1"}],"replies":[{"embeddable":true,"href":"https:\/\/www.egemtv.com\/index.php?rest_route=%2Fwp%2Fv2%2Fcomments&post=13829"}],"version-history":[{"count":1,"href":"https:\/\/www.egemtv.com\/index.php?rest_route=\/wp\/v2\/posts\/13829\/revisions"}],"predecessor-version":[{"id":13831,"href":"https:\/\/www.egemtv.com\/index.php?rest_route=\/wp\/v2\/posts\/13829\/revisions\/13831"}],"wp:featuredmedia":[{"embeddable":true,"href":"https:\/\/www.egemtv.com\/index.php?rest_route=\/wp\/v2\/media\/13830"}],"wp:attachment":[{"href":"https:\/\/www.egemtv.com\/index.php?rest_route=%2Fwp%2Fv2%2Fmedia&parent=13829"}],"wp:term":[{"taxonomy":"category","embeddable":true,"href":"https:\/\/www.egemtv.com\/index.php?rest_route=%2Fwp%2Fv2%2Fcategories&post=13829"},{"taxonomy":"post_tag","embeddable":true,"href":"https:\/\/www.egemtv.com\/index.php?rest_route=%2Fwp%2Fv2%2Ftags&post=13829"}],"curies":[{"name":"wp","href":"https:\/\/api.w.org\/{rel}","templated":true}]}}