{"id":13826,"date":"2025-01-30T16:11:11","date_gmt":"2025-01-30T13:11:11","guid":{"rendered":"https:\/\/www.egemtv.com\/?p=13826"},"modified":"2025-01-30T16:11:13","modified_gmt":"2025-01-30T13:11:13","slug":"baskani-akin-turgutlu-esnaf-odasi-baskanlariyla-bulustu","status":"publish","type":"post","link":"https:\/\/www.egemtv.com\/?p=13826","title":{"rendered":"Ba\u015fkan\u0131 Ak\u0131n Turgutlu esnaf odas\u0131 ba\u015fkanlar\u0131yla bulu\u015ftu"},"content":{"rendered":"<p>Turgutlu Belediye Ba\u015fkan\u0131 \u00c7etin Ak\u0131n, esnaf odas\u0131 ba\u015fkanlar\u0131yla d\u00fczenledi\u011fi kahvalt\u0131 program\u0131nda bir araya geldi. Ba\u015fkan \u00c7etin Ak\u0131n, \u201cKentimizi ortak ak\u0131l ile birlikte y\u00f6netmeye devam edece\u011fiz\u201d dedi.<br \/>\n<br \/>G\u00f6reve geldi\u011fi g\u00fcnden bu yana \u015fehri ortak ak\u0131l ile y\u00f6netmeye b\u00fcy\u00fck \u00f6nem veren Turgutlu Belediye Ba\u015fkan\u0131 \u00c7etin Ak\u0131n, esnaf odas\u0131 ba\u015fkanlar\u0131yla d\u00fczenledi\u011fi kahvalt\u0131da bir araya geldi. Turgutlu\u2019daki esnaf temsilcileriyle ger\u00e7ekle\u015ftirilen bulu\u015fmada, Turgutlu Belediyesinin ve kentin genel durumu hakk\u0131nda bilgilendirmelerde bulunuldu. Ba\u015fkan Ak\u0131n, \u015fehrin kalk\u0131nmas\u0131 i\u00e7in hayata ge\u00e7irecekleri projeleri detayl\u0131 bir \u015fekilde esnaf odas\u0131 ba\u015fkanlar\u0131yla payla\u015ft\u0131.<br \/>\n<br \/>Ba\u015fkan \u00c7etin Ak\u0131n\u2019a, Ba\u015fkan Yard\u0131mc\u0131lar\u0131 H\u00fcseyin Maliz, Ali R\u0131za K\u0131ran, CHP Turgutlu \u0130l\u00e7e Ba\u015fkan\u0131 Hasan Ayma, CHP Turgutlu \u0130l\u00e7e Kad\u0131n Kollar\u0131 Ba\u015fkan\u0131 Berrin Z\u00fcnb\u00fclcan Tosuno\u011flu ve CHP Turgutlu \u0130l\u00e7e Gen\u00e7lik Kollar\u0131 Mehmet Solmaz e\u015flik etti.<br \/>\n<br \/>Turgutlu Belediye Ba\u015fkan\u0131 \u00c7etin Ak\u0131n, \u201cEsnaf odas\u0131 ba\u015fkanlar\u0131m\u0131zla kahvalt\u0131da bir araya geldik. Esnaf\u0131m\u0131z\u0131n temsilcileriyle belediyemizin ve kentimizin son durumunu payla\u015ft\u0131k, hayata ge\u00e7irece\u011fimiz projelerimizi g\u00f6r\u00fc\u015ft\u00fck. Kentimizi ortak ak\u0131l ile birlikte y\u00f6netmeye devam edece\u011fiz\u201d dedi.<br \/><\/p>\n","protected":false},"excerpt":{"rendered":"<p>Turgutlu Belediye Ba\u015fkan\u0131 \u00c7etin Ak\u0131n, esnaf odas\u0131 ba\u015fkanlar\u0131yla d\u00fczenledi\u011fi kahvalt\u0131 program\u0131nda bir araya geldi. Ba\u015fkan \u00c7etin Ak\u0131n, \u201cKentimizi ortak ak\u0131l ile birlikte y\u00f6netmeye devam edece\u011fiz\u201d dedi. G\u00f6reve geldi\u011fi g\u00fcnden bu yana \u015fehri ortak ak\u0131l ile y\u00f6netmeye b\u00fcy\u00fck \u00f6nem veren Turgutlu Belediye Ba\u015fkan\u0131 \u00c7etin Ak\u0131n, esnaf odas\u0131 ba\u015fkanlar\u0131yla d\u00fczenledi\u011fi kahvalt\u0131da bir araya geldi. Turgutlu\u2019daki esnaf temsilcileriyle&#8230;<\/p>\n","protected":false},"author":1,"featured_media":13827,"comment_status":"open","ping_status":"open","sticky":false,"template":"","format":"standard","meta":{"_crdt_document":"","footnotes":""},"categories":[127],"tags":[],"class_list":["post-13826","post","type-post","status-publish","format-standard","has-post-thumbnail","hentry","category-siyaset"],"_links":{"self":[{"href":"https:\/\/www.egemtv.com\/index.php?rest_route=\/wp\/v2\/posts\/13826","targetHints":{"allow":["GET"]}}],"collection":[{"href":"https:\/\/www.egemtv.com\/index.php?rest_route=\/wp\/v2\/posts"}],"about":[{"href":"https:\/\/www.egemtv.com\/index.php?rest_route=\/wp\/v2\/types\/post"}],"author":[{"embeddable":true,"href":"https:\/\/www.egemtv.com\/index.php?rest_route=\/wp\/v2\/users\/1"}],"replies":[{"embeddable":true,"href":"https:\/\/www.egemtv.com\/index.php?rest_route=%2Fwp%2Fv2%2Fcomments&post=13826"}],"version-history":[{"count":1,"href":"https:\/\/www.egemtv.com\/index.php?rest_route=\/wp\/v2\/posts\/13826\/revisions"}],"predecessor-version":[{"id":13828,"href":"https:\/\/www.egemtv.com\/index.php?rest_route=\/wp\/v2\/posts\/13826\/revisions\/13828"}],"wp:featuredmedia":[{"embeddable":true,"href":"https:\/\/www.egemtv.com\/index.php?rest_route=\/wp\/v2\/media\/13827"}],"wp:attachment":[{"href":"https:\/\/www.egemtv.com\/index.php?rest_route=%2Fwp%2Fv2%2Fmedia&parent=13826"}],"wp:term":[{"taxonomy":"category","embeddable":true,"href":"https:\/\/www.egemtv.com\/index.php?rest_route=%2Fwp%2Fv2%2Fcategories&post=13826"},{"taxonomy":"post_tag","embeddable":true,"href":"https:\/\/www.egemtv.com\/index.php?rest_route=%2Fwp%2Fv2%2Ftags&post=13826"}],"curies":[{"name":"wp","href":"https:\/\/api.w.org\/{rel}","templated":true}]}}