{"id":13823,"date":"2025-01-30T16:07:46","date_gmt":"2025-01-30T13:07:46","guid":{"rendered":"https:\/\/www.egemtv.com\/?p=13823"},"modified":"2025-01-30T16:07:49","modified_gmt":"2025-01-30T13:07:49","slug":"turgutlunun-park-ve-bahcelerinde-yogun-calisma","status":"publish","type":"post","link":"https:\/\/www.egemtv.com\/?p=13823","title":{"rendered":"Turgutlu\u2019nun park ve bah\u00e7elerinde yo\u011fun \u00e7al\u0131\u015fma"},"content":{"rendered":"<p>Turgutlu Belediyesi Park ve Bah\u00e7eler M\u00fcd\u00fcrl\u00fc\u011f\u00fc ger\u00e7ekle\u015ftirdi\u011fi e\u015f zamanl\u0131 \u00e7al\u0131\u015fmalarla kentin \u00e7ehresini de\u011fi\u015ftirmeye devam ediyor.<br \/>\n<br \/>Turgutlu Belediyesi Park ve Bah\u00e7eler M\u00fcd\u00fcrl\u00fc\u011f\u00fcne ba\u011fl\u0131 ekipler, Turgutlu genelinde iyile\u015ftirme, bak\u0131m, onar\u0131m, budak, a\u011fa\u00e7land\u0131rma ve boyama \u00e7al\u0131\u015fmalar\u0131 \u00e7er\u00e7evesinde girilmedik mahalle ve sokak b\u0131rakm\u0131yor.<br \/>\n<br \/>Okullar yenileniyor<br \/>\n<br \/>Yeni \u00f6\u011fretim y\u0131l\u0131nda \u00f6\u011frencilerin daha sa\u011fl\u0131kl\u0131 ve iyi \u015fartlarda okullarda e\u011fitim almalar\u0131 amac\u0131yla \u00e7al\u0131\u015fan Turgutlu Belediyesi, okullardan gelen bak\u0131m ve boyama taleplerini geri \u00e7evirmiyor. Bu \u00e7al\u0131\u015fmalar kapsam\u0131nda Park ve Bah\u00e7eler M\u00fcd\u00fcrl\u00fc\u011f\u00fc ekipleri Z\u00fcbeyde Han\u0131m K\u0131z Meslek Teknik Anadolu Lisesi, Selman I\u015f\u0131lak Mesleki ve Teknik Anadolu Lisesinde i\u00e7 cephe boyama \u00e7al\u0131\u015fmalar\u0131na devam ediyor. Hac\u0131 Mukaddes-Ahmet Altan \u0130lkokulunun ek binas\u0131nda ise i\u00e7 ve d\u0131\u015f cephe boyama \u00e7al\u0131\u015fmalar\u0131n\u0131 tamamland\u0131. Ekipler, Park ve Bah\u00e7eler M\u00fcd\u00fcrl\u00fc\u011f\u00fc \u015eantiyesinde \u00fcretimi yap\u0131lan dekoratif kamelyay\u0131 Turgutlu Anaokuluna konumland\u0131rd\u0131. Turgutlar Mahallesi Muhtarl\u0131k Binas\u0131 ile Demirciler Camisinde d\u0131\u015f cephe boyama \u00e7al\u0131\u015fmalar\u0131 yap\u0131ld\u0131. Ekipler ayr\u0131ca Ku\u015flar Mahallesinde yeni \u00e7ocuk oyun grubunun kurulumunu da ger\u00e7ekle\u015ftirdi.<\/p>\n<p>Kent genelinde a\u011fa\u00e7 budama ve \u00e7im ekimi \u00e7al\u0131\u015fmas\u0131 devam ediyor<br \/>\n<br \/>Park ve Bah\u00e7eler M\u00fcd\u00fcrl\u00fc\u011f\u00fc ekipleri taraf\u0131ndan cadde, sokak, park ve ye\u015fil alanlarda bulunan a\u011fa\u00e7lar\u0131n sa\u011fl\u0131kl\u0131 b\u00fcy\u00fcmeleri ve g\u00fczel bir g\u00f6r\u00fcn\u00fcme sahip olmalar\u0131 i\u00e7in budama \u00e7al\u0131\u015fmas\u0131 ger\u00e7ekle\u015ftiriyor. Bu kapsamda Musacal\u0131, Musalaryenik\u00f6y, \u00c7atalk\u00f6pr\u00fc Mahalleleri ile birlikte \u015eehit Gaffar Okkan Park\u0131, Bozk\u0131r Camisi ve Ankara Asfalt\u0131 orta ref\u00fcj\u00fcndeki a\u011fa\u00e7lar\u0131n budama \u00e7al\u0131\u015fmalar\u0131 ekipler taraf\u0131ndan tamamland\u0131. Kentin farkl\u0131 noktalar\u0131nda yap\u0131lan budama sonucu elde edilen odunlar ekipler taraf\u0131ndan ihtiya\u00e7 sahibi ailelere ula\u015ft\u0131r\u0131larak k\u0131\u015f aylar\u0131nda yakacak olarak kullanmalar\u0131na imkan sa\u011flan\u0131yor. Ekipler ayr\u0131ca, Kayrak Mahallesinde a\u011fa\u00e7 dikimi, Kemal Sunal Park\u0131, H\u00fcdevendigar Park\u0131, \u0130stasyon \u00c7ay Bah\u00e7esi, Gardalya ve Irmak Sokakta bulunan ye\u015fil alanlarda \u00e7im ekimi \u00e7al\u0131\u015fmalar\u0131n\u0131 ger\u00e7ekle\u015ftirdi.<br \/>\n<br \/>\u00c7al\u0131\u015fmalar hakk\u0131nda a\u00e7\u0131klamalarda bulunan Turgutlu Belediye Ba\u015fkan Yard\u0131mc\u0131s\u0131 Ali R\u0131za K\u0131ran, \u201cPark ve Bah\u00e7eler M\u00fcd\u00fcrl\u00fc\u011f\u00fcm\u00fcze ba\u011fl\u0131 ekiplerimiz Turgutlu\u2019muzun yeni, modern ve estetik alanlara sahip olmas\u0131 i\u00e7in \u00e7al\u0131\u015fmalar\u0131na devam ediyor. Ekiplerimiz ayr\u0131ca \u00e7ocuklar\u0131m\u0131z\u0131n ve \u00f6\u011fretmenlerimizin sa\u011fl\u0131kl\u0131 ve temiz okullarda e\u011fitime devam etmesi i\u00e7in boyama ve bak\u0131m \u00e7al\u0131\u015fmalar\u0131n\u0131 s\u00fcrd\u00fcr\u00fcyor. Kentimiz i\u00e7in verdikleri emekten dolay\u0131 t\u00fcm mesai arkada\u015flar\u0131ma te\u015fekk\u00fcr ediyor, kolayl\u0131klar diliyorum\u201d dedi.<br \/><\/p>\n","protected":false},"excerpt":{"rendered":"<p>Turgutlu Belediyesi Park ve Bah\u00e7eler M\u00fcd\u00fcrl\u00fc\u011f\u00fc ger\u00e7ekle\u015ftirdi\u011fi e\u015f zamanl\u0131 \u00e7al\u0131\u015fmalarla kentin \u00e7ehresini de\u011fi\u015ftirmeye devam ediyor. Turgutlu Belediyesi Park ve Bah\u00e7eler M\u00fcd\u00fcrl\u00fc\u011f\u00fcne ba\u011fl\u0131 ekipler, Turgutlu genelinde iyile\u015ftirme, bak\u0131m, onar\u0131m, budak, a\u011fa\u00e7land\u0131rma ve boyama \u00e7al\u0131\u015fmalar\u0131 \u00e7er\u00e7evesinde girilmedik mahalle ve sokak b\u0131rakm\u0131yor. Okullar yenileniyor Yeni \u00f6\u011fretim y\u0131l\u0131nda \u00f6\u011frencilerin daha sa\u011fl\u0131kl\u0131 ve iyi \u015fartlarda okullarda e\u011fitim almalar\u0131 amac\u0131yla \u00e7al\u0131\u015fan&#8230;<\/p>\n","protected":false},"author":1,"featured_media":13824,"comment_status":"open","ping_status":"open","sticky":false,"template":"","format":"standard","meta":{"_crdt_document":"","footnotes":""},"categories":[1],"tags":[],"class_list":["post-13823","post","type-post","status-publish","format-standard","has-post-thumbnail","hentry","category-guncel"],"_links":{"self":[{"href":"https:\/\/www.egemtv.com\/index.php?rest_route=\/wp\/v2\/posts\/13823","targetHints":{"allow":["GET"]}}],"collection":[{"href":"https:\/\/www.egemtv.com\/index.php?rest_route=\/wp\/v2\/posts"}],"about":[{"href":"https:\/\/www.egemtv.com\/index.php?rest_route=\/wp\/v2\/types\/post"}],"author":[{"embeddable":true,"href":"https:\/\/www.egemtv.com\/index.php?rest_route=\/wp\/v2\/users\/1"}],"replies":[{"embeddable":true,"href":"https:\/\/www.egemtv.com\/index.php?rest_route=%2Fwp%2Fv2%2Fcomments&post=13823"}],"version-history":[{"count":1,"href":"https:\/\/www.egemtv.com\/index.php?rest_route=\/wp\/v2\/posts\/13823\/revisions"}],"predecessor-version":[{"id":13825,"href":"https:\/\/www.egemtv.com\/index.php?rest_route=\/wp\/v2\/posts\/13823\/revisions\/13825"}],"wp:featuredmedia":[{"embeddable":true,"href":"https:\/\/www.egemtv.com\/index.php?rest_route=\/wp\/v2\/media\/13824"}],"wp:attachment":[{"href":"https:\/\/www.egemtv.com\/index.php?rest_route=%2Fwp%2Fv2%2Fmedia&parent=13823"}],"wp:term":[{"taxonomy":"category","embeddable":true,"href":"https:\/\/www.egemtv.com\/index.php?rest_route=%2Fwp%2Fv2%2Fcategories&post=13823"},{"taxonomy":"post_tag","embeddable":true,"href":"https:\/\/www.egemtv.com\/index.php?rest_route=%2Fwp%2Fv2%2Ftags&post=13823"}],"curies":[{"name":"wp","href":"https:\/\/api.w.org\/{rel}","templated":true}]}}