{"id":13820,"date":"2025-01-30T15:55:43","date_gmt":"2025-01-30T12:55:43","guid":{"rendered":"https:\/\/www.egemtv.com\/?p=13820"},"modified":"2025-01-30T15:55:49","modified_gmt":"2025-01-30T12:55:49","slug":"ula-goleti-cevresinde-cevre-temizligi","status":"publish","type":"post","link":"https:\/\/www.egemtv.com\/?p=13820","title":{"rendered":"Ula G\u00f6leti \u00e7evresinde \u00e7evre temizli\u011fi"},"content":{"rendered":"<p>Yaz aylar\u0131nda sular\u0131n \u00e7ekildi\u011fi, k\u0131\u015f aylar\u0131nda ise yo\u011fun ya\u011f\u0131\u015flarla yeniden y\u00fckselen Ula G\u00f6letinde, suyla birlikte do\u011faya zarar verebilecek at\u0131klar\u0131n birikmesini \u00f6nlemek amac\u0131yla temizlik yap\u0131ld\u0131.<br \/>\n<br \/>Do\u011fal ya\u015fam\u0131n ve ekosistemin korunmas\u0131 ama\u00e7lan\u0131yor<br \/>\n<br \/>Mu\u011fla B\u00fcy\u00fck\u015fehir Belediyesi, \u015fehrin do\u011fal alanlar\u0131n\u0131n temizli\u011fi ve korunmas\u0131 konusunda uzun vadeli projeler y\u00fcr\u00fct\u00fcrken, ayn\u0131 zamanda do\u011faya zarar veren unsurlarla hukuki yollarla da m\u00fccadele ediyor. Bu kapsamda belediye, bug\u00fcne kadar \u00e7evreyi korumak i\u00e7in 227 \u00e7evre davas\u0131 a\u00e7arak ekosisteme zarar veren uygulamalar\u0131n kar\u015f\u0131s\u0131nda oldu\u011funu g\u00f6sterdi. Ula G\u00f6letinde ger\u00e7ekle\u015ftirilen temizlik \u00e7al\u0131\u015fmas\u0131 da bu hassasiyetin bir par\u00e7as\u0131 olarak dikkat \u00e7ekiyor.<br \/>\n<br \/>Mesire alanlar\u0131 da temizlendi<br \/>\n<br \/>Belediye ekipleri, sadece g\u00f6let kenar\u0131n\u0131 temizlemekle kalmayarak, \u00e7evredeki mesire alanlar\u0131nda da detayl\u0131 bir \u00e7al\u0131\u015fma y\u00fcr\u00fctt\u00fc. Piknik alanlar\u0131nda ve g\u00f6let k\u0131y\u0131s\u0131nda biriken plastik at\u0131klar, cam \u015fi\u015feler, ambalaj malzemeleri ve di\u011fer do\u011fal ya\u015fam\u0131 tehdit eden unsurlar titizlikle topland\u0131.<br \/>\n<br \/>Temizlik \u00e7al\u0131\u015fmalar\u0131 devam edecek<br \/>\n<br \/>Mu\u011fla B\u00fcy\u00fck\u015fehir Belediyesi, temiz bir \u00e7evre ve s\u00fcrd\u00fcr\u00fclebilir bir ekosistem i\u00e7in bu t\u00fcr \u00e7al\u0131\u015fmalar\u0131n periyodik olarak devam edece\u011fini belirtti. Belediye, Ula G\u00f6leti gibi do\u011fal alanlar\u0131n korunmas\u0131n\u0131n sadece belediye ekiplerinin de\u011fil, b\u00fct\u00fcn vatanda\u015flar\u0131n ortak sorumlulu\u011fu oldu\u011funu hat\u0131rlatarak, do\u011faya duyarl\u0131 davran\u0131lmas\u0131 konusunda herkesi sorumluluk almaya davet etti.<br \/>\n<br \/>Ba\u015fkan Aras, \u201cDo\u011fay\u0131 korumak ve gelecek nesillere aktarmak i\u00e7in \u00e7al\u0131\u015f\u0131yoruz\u201d<br \/>\n<br \/>\u00c7evreyi ve Mu\u011fla\u2019n\u0131n do\u011fas\u0131n\u0131 koruman\u0131n \u00f6nemine de\u011finen Mu\u011fla B\u00fcy\u00fck\u015fehir Belediye Ba\u015fkan\u0131 Ahmet Aras, \u201cMu\u011fla, e\u015fsiz do\u011fal g\u00fczelliklere sahip bir \u015fehir ve bu de\u011ferleri koruyarak gelecek nesillere aktarmay\u0131 \u00f6nemsiyoruz. Bu do\u011frultuda bir\u00e7ok \u00e7evre \u00e7al\u0131\u015fmas\u0131 y\u00fcr\u00fct\u00fcyor, \u00f6zellikle do\u011faya b\u0131rak\u0131lan evsel at\u0131klar\u0131 topluyoruz. \u00c7\u00fcnk\u00fc bu at\u0131klar hem suyu hem de topra\u011f\u0131 kirleterek ekosisteme zarar veriyor. Hatta orman yang\u0131nlar\u0131nda bile bu at\u0131klar\u0131n olumsuz etkisini g\u00f6r\u00fcyoruz. Bu nedenle Ula G\u00f6leti gibi \u00f6nemli do\u011fal alanlar\u0131 at\u0131klardan ar\u0131nd\u0131r\u0131yor ve \u00e7evremizi koruyacak ad\u0131mlar at\u0131yoruz. Ayr\u0131ca, Mu\u011fla\u2019n\u0131n topra\u011f\u0131na ve suyuna zarar veren unsurlardan biri olan madencilik faaliyetlerine kar\u015f\u0131 da hukuki m\u00fccadelemizi s\u00fcrd\u00fcr\u00fcyoruz. Mu\u011fla\u2019n\u0131n do\u011fas\u0131na sahip \u00e7\u0131kmak i\u00e7in kararl\u0131l\u0131kla \u00e7al\u0131\u015fmaya devam ediyoruz\u201d<br \/><\/p>\n","protected":false},"excerpt":{"rendered":"<p>Yaz aylar\u0131nda sular\u0131n \u00e7ekildi\u011fi, k\u0131\u015f aylar\u0131nda ise yo\u011fun ya\u011f\u0131\u015flarla yeniden y\u00fckselen Ula G\u00f6letinde, suyla birlikte do\u011faya zarar verebilecek at\u0131klar\u0131n birikmesini \u00f6nlemek amac\u0131yla temizlik yap\u0131ld\u0131. Do\u011fal ya\u015fam\u0131n ve ekosistemin korunmas\u0131 ama\u00e7lan\u0131yor Mu\u011fla B\u00fcy\u00fck\u015fehir Belediyesi, \u015fehrin do\u011fal alanlar\u0131n\u0131n temizli\u011fi ve korunmas\u0131 konusunda uzun vadeli projeler y\u00fcr\u00fct\u00fcrken, ayn\u0131 zamanda do\u011faya zarar veren unsurlarla hukuki yollarla da m\u00fccadele ediyor&#8230;.<\/p>\n","protected":false},"author":1,"featured_media":13821,"comment_status":"open","ping_status":"open","sticky":false,"template":"","format":"standard","meta":{"_crdt_document":"","footnotes":""},"categories":[1],"tags":[],"class_list":["post-13820","post","type-post","status-publish","format-standard","has-post-thumbnail","hentry","category-guncel"],"_links":{"self":[{"href":"https:\/\/www.egemtv.com\/index.php?rest_route=\/wp\/v2\/posts\/13820","targetHints":{"allow":["GET"]}}],"collection":[{"href":"https:\/\/www.egemtv.com\/index.php?rest_route=\/wp\/v2\/posts"}],"about":[{"href":"https:\/\/www.egemtv.com\/index.php?rest_route=\/wp\/v2\/types\/post"}],"author":[{"embeddable":true,"href":"https:\/\/www.egemtv.com\/index.php?rest_route=\/wp\/v2\/users\/1"}],"replies":[{"embeddable":true,"href":"https:\/\/www.egemtv.com\/index.php?rest_route=%2Fwp%2Fv2%2Fcomments&post=13820"}],"version-history":[{"count":1,"href":"https:\/\/www.egemtv.com\/index.php?rest_route=\/wp\/v2\/posts\/13820\/revisions"}],"predecessor-version":[{"id":13822,"href":"https:\/\/www.egemtv.com\/index.php?rest_route=\/wp\/v2\/posts\/13820\/revisions\/13822"}],"wp:featuredmedia":[{"embeddable":true,"href":"https:\/\/www.egemtv.com\/index.php?rest_route=\/wp\/v2\/media\/13821"}],"wp:attachment":[{"href":"https:\/\/www.egemtv.com\/index.php?rest_route=%2Fwp%2Fv2%2Fmedia&parent=13820"}],"wp:term":[{"taxonomy":"category","embeddable":true,"href":"https:\/\/www.egemtv.com\/index.php?rest_route=%2Fwp%2Fv2%2Fcategories&post=13820"},{"taxonomy":"post_tag","embeddable":true,"href":"https:\/\/www.egemtv.com\/index.php?rest_route=%2Fwp%2Fv2%2Ftags&post=13820"}],"curies":[{"name":"wp","href":"https:\/\/api.w.org\/{rel}","templated":true}]}}