{"id":13817,"date":"2025-01-30T15:52:18","date_gmt":"2025-01-30T12:52:18","guid":{"rendered":"https:\/\/www.egemtv.com\/?p=13817"},"modified":"2025-01-30T15:52:21","modified_gmt":"2025-01-30T12:52:21","slug":"il-genel-meclisi-sinanpasada-muhtarlarla-bulustu","status":"publish","type":"post","link":"https:\/\/www.egemtv.com\/?p=13817","title":{"rendered":"\u0130l Genel Meclisi Sinanpa\u015fa\u2019da muhtarlarla bulu\u015ftu"},"content":{"rendered":"<p>Afyonkarahisar \u0130l Genel Meclisi (\u0130GM) \u00fcyeleri, Sinanpa\u015fa\u2019ya ba\u011fl\u0131 k\u00f6y muhtarlar\u0131yla bir araya gelerek istek ve talepleri dinledi, \u00e7\u00f6z\u00fcm yollar\u0131n\u0131 de\u011ferlendirdi.<br \/>\n<br \/>Meclis Ba\u015fkan\u0131 Mehmet Siper\u2019in ba\u015fkanl\u0131\u011f\u0131nda d\u00fczenlenen toplant\u0131ya, Sinanpa\u015fa Belediye Ba\u015fkan\u0131 Tolga Y\u0131ld\u0131r\u0131m, \u0130l \u00d6zel \u0130daresi yetkilileri, meclis \u00fcyeleri ve 24 k\u00f6y muhtar\u0131 kat\u0131ld\u0131. Muhtarlar, altyap\u0131, yol, su, tar\u0131msal destekler, e\u011fitim ve sa\u011fl\u0131k konular\u0131ndaki taleplerini dile getirdi. \u0130l \u00d6zel \u0130daresi yetkilileri, k\u00f6y yollar\u0131, i\u00e7me suyu ve kanalizasyon gibi projeler hakk\u0131nda bilgi verdi, planlanan \u00e7al\u0131\u015fmalar\u0131 payla\u015ft\u0131. \u0130l genel meclisi ve muhtarlar\u0131n ortak hareket etmesinin \u00f6nemini vurgulad\u0131. Meclis Ba\u015fkan\u0131 Mehmet Siper ise k\u00f6ylerin kalk\u0131nmas\u0131 i\u00e7in muhtarlarla d\u00fczenli temas halinde olacaklar\u0131n\u0131 belirtti.<br \/>\n<br \/>Toplant\u0131 sonunda, k\u00f6ylerin geli\u015fimi i\u00e7in i\u015f birli\u011fi i\u00e7inde olunaca\u011f\u0131, sorunlar\u0131n \u00f6ncelik s\u0131ras\u0131na g\u00f6re \u00e7\u00f6z\u00fclece\u011fi ifade edildi. Muhtarlar, toplant\u0131n\u0131n verimli ge\u00e7ti\u011fini ve \u00e7\u00f6z\u00fcm s\u00fcrecini yak\u0131ndan takip edeceklerini belirtti. G\u00f6r\u00fc\u015f al\u0131\u015fveri\u015finin ard\u0131ndan toplant\u0131 sona erdi.<br \/><\/p>\n","protected":false},"excerpt":{"rendered":"<p>Afyonkarahisar \u0130l Genel Meclisi (\u0130GM) \u00fcyeleri, Sinanpa\u015fa\u2019ya ba\u011fl\u0131 k\u00f6y muhtarlar\u0131yla bir araya gelerek istek ve talepleri dinledi, \u00e7\u00f6z\u00fcm yollar\u0131n\u0131 de\u011ferlendirdi. Meclis Ba\u015fkan\u0131 Mehmet Siper\u2019in ba\u015fkanl\u0131\u011f\u0131nda d\u00fczenlenen toplant\u0131ya, Sinanpa\u015fa Belediye Ba\u015fkan\u0131 Tolga Y\u0131ld\u0131r\u0131m, \u0130l \u00d6zel \u0130daresi yetkilileri, meclis \u00fcyeleri ve 24 k\u00f6y muhtar\u0131 kat\u0131ld\u0131. Muhtarlar, altyap\u0131, yol, su, tar\u0131msal destekler, e\u011fitim ve sa\u011fl\u0131k konular\u0131ndaki taleplerini dile&#8230;<\/p>\n","protected":false},"author":1,"featured_media":13818,"comment_status":"open","ping_status":"open","sticky":false,"template":"","format":"standard","meta":{"_crdt_document":"","footnotes":""},"categories":[1],"tags":[],"class_list":["post-13817","post","type-post","status-publish","format-standard","has-post-thumbnail","hentry","category-guncel"],"_links":{"self":[{"href":"https:\/\/www.egemtv.com\/index.php?rest_route=\/wp\/v2\/posts\/13817","targetHints":{"allow":["GET"]}}],"collection":[{"href":"https:\/\/www.egemtv.com\/index.php?rest_route=\/wp\/v2\/posts"}],"about":[{"href":"https:\/\/www.egemtv.com\/index.php?rest_route=\/wp\/v2\/types\/post"}],"author":[{"embeddable":true,"href":"https:\/\/www.egemtv.com\/index.php?rest_route=\/wp\/v2\/users\/1"}],"replies":[{"embeddable":true,"href":"https:\/\/www.egemtv.com\/index.php?rest_route=%2Fwp%2Fv2%2Fcomments&post=13817"}],"version-history":[{"count":1,"href":"https:\/\/www.egemtv.com\/index.php?rest_route=\/wp\/v2\/posts\/13817\/revisions"}],"predecessor-version":[{"id":13819,"href":"https:\/\/www.egemtv.com\/index.php?rest_route=\/wp\/v2\/posts\/13817\/revisions\/13819"}],"wp:featuredmedia":[{"embeddable":true,"href":"https:\/\/www.egemtv.com\/index.php?rest_route=\/wp\/v2\/media\/13818"}],"wp:attachment":[{"href":"https:\/\/www.egemtv.com\/index.php?rest_route=%2Fwp%2Fv2%2Fmedia&parent=13817"}],"wp:term":[{"taxonomy":"category","embeddable":true,"href":"https:\/\/www.egemtv.com\/index.php?rest_route=%2Fwp%2Fv2%2Fcategories&post=13817"},{"taxonomy":"post_tag","embeddable":true,"href":"https:\/\/www.egemtv.com\/index.php?rest_route=%2Fwp%2Fv2%2Ftags&post=13817"}],"curies":[{"name":"wp","href":"https:\/\/api.w.org\/{rel}","templated":true}]}}