{"id":13814,"date":"2025-01-30T15:46:21","date_gmt":"2025-01-30T12:46:21","guid":{"rendered":"https:\/\/www.egemtv.com\/?p=13814"},"modified":"2025-01-30T15:46:24","modified_gmt":"2025-01-30T12:46:24","slug":"kutahyada-trafik-kazasinda-agir-yaralanan-genc-36-gunluk-yasam-savasini-kaybetti","status":"publish","type":"post","link":"https:\/\/www.egemtv.com\/?p=13814","title":{"rendered":"K\u00fctahya\u2019da trafik kazas\u0131nda a\u011f\u0131r yaralanan gen\u00e7, 36 g\u00fcnl\u00fck ya\u015fam sava\u015f\u0131n\u0131 kaybetti"},"content":{"rendered":"<p>K\u00fctahya\u2019da meydana gelen trafik kazas\u0131nda a\u011f\u0131r yaralanan 18 ya\u015f\u0131ndaki \u0130lker Aydo\u011fdu, yo\u011fun bak\u0131mda 36 g\u00fcn s\u00fcren ya\u015fam m\u00fccadelesini kaybetti.<br \/>\n<br \/>Kaza, 23 Aral\u0131k 2024 tarihinde Yenido\u011fan Mahallesi Yunus Emre Caddesi\u2019nde meydana geldi. Motosikletiyle seyir halindeki \u0130lker Aydo\u011fdu, hatal\u0131 bir \u015fekilde \u00f6n\u00fcne \u00e7\u0131kan hafif ticari araca \u00e7arpt\u0131. \u00c7arpman\u0131n etkisiyle yola savrulan gen\u00e7, a\u011f\u0131r yaral\u0131 olarak olay yerine gelen 112 Acil Sa\u011fl\u0131k ekipleri taraf\u0131ndan K\u00fctahya \u015eehir Hastanesi\u2019ne kald\u0131r\u0131ld\u0131.<br \/>\n<br \/>Yo\u011fun bak\u0131m \u00fcnitesinde tedavi alt\u0131na al\u0131nan Aydo\u011fdu, 36 g\u00fcnl\u00fck ya\u015fam m\u00fccadelesini kaybetti.<br \/><\/p>\n","protected":false},"excerpt":{"rendered":"<p>K\u00fctahya\u2019da meydana gelen trafik kazas\u0131nda a\u011f\u0131r yaralanan 18 ya\u015f\u0131ndaki \u0130lker Aydo\u011fdu, yo\u011fun bak\u0131mda 36 g\u00fcn s\u00fcren ya\u015fam m\u00fccadelesini kaybetti. Kaza, 23 Aral\u0131k 2024 tarihinde Yenido\u011fan Mahallesi Yunus Emre Caddesi\u2019nde meydana geldi. Motosikletiyle seyir halindeki \u0130lker Aydo\u011fdu, hatal\u0131 bir \u015fekilde \u00f6n\u00fcne \u00e7\u0131kan hafif ticari araca \u00e7arpt\u0131. \u00c7arpman\u0131n etkisiyle yola savrulan gen\u00e7, a\u011f\u0131r yaral\u0131 olarak olay yerine&#8230;<\/p>\n","protected":false},"author":1,"featured_media":13815,"comment_status":"open","ping_status":"open","sticky":false,"template":"","format":"standard","meta":{"_crdt_document":"","footnotes":""},"categories":[5],"tags":[],"class_list":["post-13814","post","type-post","status-publish","format-standard","has-post-thumbnail","hentry","category-asayis"],"_links":{"self":[{"href":"https:\/\/www.egemtv.com\/index.php?rest_route=\/wp\/v2\/posts\/13814","targetHints":{"allow":["GET"]}}],"collection":[{"href":"https:\/\/www.egemtv.com\/index.php?rest_route=\/wp\/v2\/posts"}],"about":[{"href":"https:\/\/www.egemtv.com\/index.php?rest_route=\/wp\/v2\/types\/post"}],"author":[{"embeddable":true,"href":"https:\/\/www.egemtv.com\/index.php?rest_route=\/wp\/v2\/users\/1"}],"replies":[{"embeddable":true,"href":"https:\/\/www.egemtv.com\/index.php?rest_route=%2Fwp%2Fv2%2Fcomments&post=13814"}],"version-history":[{"count":1,"href":"https:\/\/www.egemtv.com\/index.php?rest_route=\/wp\/v2\/posts\/13814\/revisions"}],"predecessor-version":[{"id":13816,"href":"https:\/\/www.egemtv.com\/index.php?rest_route=\/wp\/v2\/posts\/13814\/revisions\/13816"}],"wp:featuredmedia":[{"embeddable":true,"href":"https:\/\/www.egemtv.com\/index.php?rest_route=\/wp\/v2\/media\/13815"}],"wp:attachment":[{"href":"https:\/\/www.egemtv.com\/index.php?rest_route=%2Fwp%2Fv2%2Fmedia&parent=13814"}],"wp:term":[{"taxonomy":"category","embeddable":true,"href":"https:\/\/www.egemtv.com\/index.php?rest_route=%2Fwp%2Fv2%2Fcategories&post=13814"},{"taxonomy":"post_tag","embeddable":true,"href":"https:\/\/www.egemtv.com\/index.php?rest_route=%2Fwp%2Fv2%2Ftags&post=13814"}],"curies":[{"name":"wp","href":"https:\/\/api.w.org\/{rel}","templated":true}]}}