{"id":13811,"date":"2025-01-30T15:41:59","date_gmt":"2025-01-30T12:41:59","guid":{"rendered":"https:\/\/www.egemtv.com\/?p=13811"},"modified":"2025-01-30T15:42:02","modified_gmt":"2025-01-30T12:42:02","slug":"denizlide-isci-servisi-kazasinda-hayatini-kaybedenlerin-acili-aileleri-adli-tip-onunde-cenazeleri-almayi-bekliyor","status":"publish","type":"post","link":"https:\/\/www.egemtv.com\/?p=13811","title":{"rendered":"Denizli\u2019de i\u015f\u00e7i servisi kazas\u0131nda hayat\u0131n\u0131 kaybedenlerin ac\u0131l\u0131 aileleri adli t\u0131p \u00f6n\u00fcnde cenazeleri almay\u0131 bekliyor"},"content":{"rendered":"<p>Denizli\u2019de cam fabrikas\u0131nda \u00e7al\u0131\u015fan i\u015f\u00e7ileri ta\u015f\u0131yan servis midib\u00fcs\u00fcn\u00fcn alt ge\u00e7itte devrilmesi sonucu hayat\u0131n\u0131 kaybedenlerin yak\u0131nlar\u0131 Adli T\u0131p Kurumu \u00f6n\u00fcnde cenazeleri teslim almak i\u00e7in ac\u0131l\u0131 bekleyi\u015fi s\u00fcr\u00fcyor.<br \/>\n<br \/>Kaza, sabah saat 08.30 s\u0131ralar\u0131nda Denizli &#8211; Ayd\u0131n Otoyolu Irl\u0131ganl\u0131 Mahallesi ba\u011flant\u0131 yolunda meydana geldi. Edinilen bilgiye g\u00f6re; b\u00f6lgede faaliyet g\u00f6steren bir cam fabrikas\u0131nda \u00e7al\u0131\u015fan i\u015f\u00e7ileri ta\u015f\u0131yan 20 S 0547 plakal\u0131 Hasan Koyun y\u00f6netimindeki servis, otoban alt ge\u00e7it k\u00f6pr\u00fcs\u00fcnden ge\u00e7erken kontrolden \u00e7\u0131kt\u0131. Kontrolden \u00e7\u0131kan servis minib\u00fcs\u00fc k\u00f6pr\u00fcn\u00fcn duvar\u0131na \u00e7arparak yan yatt\u0131. Kazay\u0131 g\u00f6ren di\u011fer s\u00fcr\u00fcc\u00fcler polis ve sa\u011fl\u0131k ekiplerine haber verdi. K\u0131sa s\u00fcrede olay yerine gelen ekipler devrilen servis arac\u0131ndaki yaral\u0131lar\u0131 \u00e7\u0131kartt\u0131.  \u0130\u00e7erisinde 25 ki\u015finin bulundu\u011fu servis midib\u00fcs\u00fcnde, Elif Karada\u011f (55), \u0130lkay Tosun (46), Ramazan G\u00f6rd\u00fc (52), Dilek Sar\u0131 (41) hayat\u0131n\u0131 kaybetti, 4\u2019\u00fc a\u011f\u0131r olmak \u00fczere 19 ki\u015fi de yaraland\u0131. S\u00fcr\u00fcc\u00fc Hasan Koyun ise jandarma ekipleri taraf\u0131ndan g\u00f6zalt\u0131na al\u0131nd\u0131.<br \/>\n<br \/>Aileler cenazeleri teslim almak i\u00e7in bekliyor<br \/>\n<br \/>Kazada hayat\u0131n\u0131 kaybeden Elif Karada\u011f, \u0130lkay Tosun, Ramazan G\u00f6rd\u00fc ve Dilek Sar\u0131\u2019n\u0131n cans\u0131z bedeni otopsi yap\u0131lmak \u00fczere Adli T\u0131p Kurumu Denizli Grup Ba\u015fkanl\u0131\u011f\u0131na kald\u0131r\u0131ld\u0131. Kazada hayat\u0131n\u0131 kaybeden i\u015f\u00e7ilerin aileleri ise Adli T\u0131p Kurumu \u00f6n\u00fcnde g\u00f6zya\u015flar\u0131 i\u00e7erisinde cenazelerini teslim almay\u0131 bekliyor. Ac\u0131l\u0131 aileleri yak\u0131nlar\u0131n\u0131n teselli etti\u011fi g\u00f6r\u00fcld\u00fc. Otopsi i\u015flemlerinin ard\u0131ndan cenazelerin ailelere teslim edilmesi bekleniyor.<br \/>\n<br \/>Kazayla ilgili ba\u015flat\u0131lan soru\u015fturma s\u00fcr\u00fcyor.<br \/><\/p>\n","protected":false},"excerpt":{"rendered":"<p>Denizli\u2019de cam fabrikas\u0131nda \u00e7al\u0131\u015fan i\u015f\u00e7ileri ta\u015f\u0131yan servis midib\u00fcs\u00fcn\u00fcn alt ge\u00e7itte devrilmesi sonucu hayat\u0131n\u0131 kaybedenlerin yak\u0131nlar\u0131 Adli T\u0131p Kurumu \u00f6n\u00fcnde cenazeleri teslim almak i\u00e7in ac\u0131l\u0131 bekleyi\u015fi s\u00fcr\u00fcyor. Kaza, sabah saat 08.30 s\u0131ralar\u0131nda Denizli &#8211; Ayd\u0131n Otoyolu Irl\u0131ganl\u0131 Mahallesi ba\u011flant\u0131 yolunda meydana geldi. Edinilen bilgiye g\u00f6re; b\u00f6lgede faaliyet g\u00f6steren bir cam fabrikas\u0131nda \u00e7al\u0131\u015fan i\u015f\u00e7ileri ta\u015f\u0131yan 20 S&#8230;<\/p>\n","protected":false},"author":1,"featured_media":13812,"comment_status":"open","ping_status":"open","sticky":false,"template":"","format":"standard","meta":{"_crdt_document":"","footnotes":""},"categories":[5],"tags":[],"class_list":["post-13811","post","type-post","status-publish","format-standard","has-post-thumbnail","hentry","category-asayis"],"_links":{"self":[{"href":"https:\/\/www.egemtv.com\/index.php?rest_route=\/wp\/v2\/posts\/13811","targetHints":{"allow":["GET"]}}],"collection":[{"href":"https:\/\/www.egemtv.com\/index.php?rest_route=\/wp\/v2\/posts"}],"about":[{"href":"https:\/\/www.egemtv.com\/index.php?rest_route=\/wp\/v2\/types\/post"}],"author":[{"embeddable":true,"href":"https:\/\/www.egemtv.com\/index.php?rest_route=\/wp\/v2\/users\/1"}],"replies":[{"embeddable":true,"href":"https:\/\/www.egemtv.com\/index.php?rest_route=%2Fwp%2Fv2%2Fcomments&post=13811"}],"version-history":[{"count":1,"href":"https:\/\/www.egemtv.com\/index.php?rest_route=\/wp\/v2\/posts\/13811\/revisions"}],"predecessor-version":[{"id":13813,"href":"https:\/\/www.egemtv.com\/index.php?rest_route=\/wp\/v2\/posts\/13811\/revisions\/13813"}],"wp:featuredmedia":[{"embeddable":true,"href":"https:\/\/www.egemtv.com\/index.php?rest_route=\/wp\/v2\/media\/13812"}],"wp:attachment":[{"href":"https:\/\/www.egemtv.com\/index.php?rest_route=%2Fwp%2Fv2%2Fmedia&parent=13811"}],"wp:term":[{"taxonomy":"category","embeddable":true,"href":"https:\/\/www.egemtv.com\/index.php?rest_route=%2Fwp%2Fv2%2Fcategories&post=13811"},{"taxonomy":"post_tag","embeddable":true,"href":"https:\/\/www.egemtv.com\/index.php?rest_route=%2Fwp%2Fv2%2Ftags&post=13811"}],"curies":[{"name":"wp","href":"https:\/\/api.w.org\/{rel}","templated":true}]}}