{"id":13808,"date":"2025-01-30T15:37:16","date_gmt":"2025-01-30T12:37:16","guid":{"rendered":"https:\/\/www.egemtv.com\/?p=13808"},"modified":"2025-01-30T15:37:18","modified_gmt":"2025-01-30T12:37:18","slug":"baskan-aras-fethiyede-buyuksehir-yatirimlarini-inceledi","status":"publish","type":"post","link":"https:\/\/www.egemtv.com\/?p=13808","title":{"rendered":"Ba\u015fkan Aras Fethiye\u2019de B\u00fcy\u00fck\u015fehir yat\u0131r\u0131mlar\u0131n\u0131 inceledi"},"content":{"rendered":"<p>Mu\u011fla B\u00fcy\u00fck\u015fehir Belediye Ba\u015fkan\u0131 Ahmet Aras, Fethiye\u2019deki \u00e7al\u0131\u015fmalar\u0131 yerinde inceledi. Muhtarlarla bulu\u015fma ile ba\u015flayan program, Kara\u00e7ulha Hal Gezisi, \u00d6l\u00fcdeniz yol yenileme \u00e7al\u0131\u015fmalar\u0131 incelemesi, Fethiye Belediyesi ziyareti ile devam edip G\u00fcnbat\u0131m\u0131 S\u00f6yle\u015fileri program\u0131 ile sonland\u0131.<br \/>\n<br \/>Fethiye\u2019ye giden Mu\u011fla B\u00fcy\u00fck\u015fehir Belediye Ba\u015fkan\u0131 Ahmet Aras, yeni ba\u015flayan ve devam eden \u00e7al\u0131\u015fmalar\u0131 yerinde inceledi. Muhtarlar ile bulu\u015farak ziyaretlerine ba\u015flayan Aras, Kara\u00e7ulha Hali\u2019nde ve \u00d6l\u00fcdeniz Yolu\u2019nda incelemelerde bulundu.<br \/>\n<br \/>Ba\u015fkan Aras, \u201cMuhtarlar\u0131m\u0131zla s\u00fcrekli ileti\u015fim halindeyiz\u201d<br \/>\n<br \/>Fethiye Y\u00f6r\u00fck M\u00fczesi\u2019nde d\u00fczenlenen kahvalt\u0131 program\u0131na kat\u0131lan Ba\u015fkan Aras, \u201cKarg\u0131 Mahallemiz ger\u00e7ekten \u00e7ok \u00f6zel bir yer. Fethiye\u2019nin her mahallesi, her k\u00f6\u015fesi ayr\u0131 bir cennet ve biz de bunun fark\u0131nday\u0131z. \u00d6zellikle muhtarlar\u0131m\u0131z bizim i\u00e7in \u00e7ok k\u0131ymetli. Onlarla s\u00fcrekli ileti\u015fim halindeyiz. Mahallelerimizle ilgili her konuda muhtarlar\u0131m\u0131z\u0131n bilgisi oluyor ve onlar arac\u0131l\u0131\u011f\u0131yla bize aktar\u0131lan hi\u00e7bir konu g\u00f6z ard\u0131 edilmiyor. Ayr\u0131ca, Mu\u011fla\u2019daki iki ayr\u0131 muhtarlar federasyonunu tek \u00e7at\u0131 alt\u0131nda birle\u015ftirdik. Bizim i\u00e7in muhtarlar\u0131m\u0131z\u0131n siyaset \u00fcst\u00fc bir anlay\u0131\u015fla, birlik ve beraberlik i\u00e7inde hareket etmeleri \u00e7ok \u00f6nemli.\u201d<br \/>\n<br \/>Aras, \u201cBiz her zaman sorun \u00e7\u00f6zmeye haz\u0131r\u0131z\u201d<br \/>\n<br \/>Yap\u0131lacak \u00e7al\u0131\u015fmalar\u0131n \u00f6nemine de\u011finen Ba\u015fkan Aras, \u201cYo\u011fun bir tempoda \u00e7al\u0131\u015f\u0131yoruz, planlamalar yap\u0131yoruz. Vatanda\u015flar\u0131m\u0131z\u0131n hayat\u0131n\u0131 olumsuz etkileyen her durumu an\u0131nda \u00e7\u00f6zebilmeyi, hayatlar\u0131n\u0131 kolayla\u015ft\u0131rmay\u0131 ilke edindik. B\u00fcy\u00fck yat\u0131r\u0131mlar zaman alsa da biz her sorunu \u00e7\u00f6zmeye kararl\u0131y\u0131z. Mu\u011fla\u2019ya yap\u0131lan yat\u0131r\u0131m asl\u0131nda d\u00fcnyaya yap\u0131lan hizmettir.\u201d dedi.<br \/>\n<br \/>Aras, \u201cMu\u011fla Kart ihtiya\u00e7 sahiplerine nefes olacak\u201d<br \/>\n<br \/>\u0130htiya\u00e7 sahibi vatanda\u015flar i\u00e7in Mu\u011fla Kart projesi ile ilgili a\u00e7\u0131klamalarda bulunan Aras, \u201cEkonomik s\u0131k\u0131nt\u0131lar\u0131n fark\u0131nday\u0131z. Dar gelirli vatanda\u015flar\u0131m\u0131z\u0131n yan\u0131nda olmaya devam ediyoruz. Bu kapsamda \u2018Mu\u011fla Kart\u2019 projesi \u00fczerinde \u00e7al\u0131\u015f\u0131yoruz. Bu kart, Mu\u011fla\u2019daki t\u00fcm vatanda\u015flar\u0131m\u0131z\u0131n cebinde olacak ve ihtiya\u00e7 sahiplerine destek sa\u011flayacak. Muhtarlar\u0131m\u0131z da bu s\u00fcre\u00e7te belirleyici bir rol \u00fcstlenecek. Mu\u011fla\u2019n\u0131n her k\u00f6\u015fesini ziyaret etmeye, vatanda\u015flar\u0131m\u0131zla bir araya gelmeye devam edece\u011fiz. Her mahalleye gitmeye, vatanda\u015flar\u0131m\u0131zla y\u00fcz y\u00fcze g\u00f6r\u00fc\u015fmeye \u00f6zen g\u00f6sterece\u011fiz.\u201d \u015feklinde konu\u015ftu.<br \/>\n<br \/>Aras, \u201c\u00dcretimin \u00f6n\u00fcn\u00fc a\u00e7acak hamleler planl\u0131yoruz\u201d<br \/>\n<br \/>Hal\u2019deki incelemelerin ard\u0131ndan a\u00e7\u0131klamalar yapan Ba\u015fkan Aras, \u201cKara\u00e7ulha Hali\u2019nde Ata Kalk\u0131nma Kooperatifi\u2019ne tahsis etti\u011fimiz binay\u0131 ziyaret ettik. Kooperatifimizle birlikte Fethiye\u2019de yerel \u00fcretimi destekleyecek \u00e7e\u015fitli \u00e7al\u0131\u015fmalar y\u00fcr\u00fctece\u011fiz. Burada, b\u00f6lgede \u00fcretilen el eme\u011fi g\u0131da \u00fcr\u00fcnleri ve di\u011fer yerel \u00fcr\u00fcnler hem Mu\u011fla genelinde hem de T\u00fcrkiye\u2019nin farkl\u0131 b\u00f6lgelerinde sat\u0131\u015fa sunulacak. Ayr\u0131ca, yurt d\u0131\u015f\u0131na ihracata y\u00f6nelik \u00e7al\u0131\u015fmalar da planlan\u0131yor. G\u00fc\u00e7l\u00fc kooperatifler kurarak \u00fcreticileri bir araya getirdi\u011fimizde, onlar\u0131n emeklerinin kar\u015f\u0131l\u0131\u011f\u0131n\u0131 almas\u0131n\u0131 sa\u011flar\u0131z. \u00dcr\u00fcnlerin hak etti\u011fi de\u011ferde sat\u0131lmas\u0131, s\u00fcrd\u00fcr\u00fclebilir \u00fcretimin \u00f6n\u00fcn\u00fc a\u00e7acak ve b\u00f6lgedeki tar\u0131msal kalk\u0131nmay\u0131 destekleyecektir.\u201d<br \/>\n<br \/>Kara\u00e7ulha toptanc\u0131 haline g\u00fcne\u015f enerjisi santrali kuruluyor<br \/>\n<br \/>Mu\u011fla B\u00fcy\u00fck\u015fehir Belediyesi\u2019nin yenilenebilir enerji projeleri kapsam\u0131nda Kara\u00e7ulha Toptanc\u0131 Hali\u2019ne yapaca\u011f\u0131 G\u00fcne\u015f Enerji Santrali (GES) yerini de inceleyen Ba\u015fkan Aras \u00e7al\u0131\u015fanlardan bilgi ald\u0131. Aras, \u201cKara\u00e7ulha Toptanc\u0131 Hali\u2019ne 792 kWe kurulu g\u00fcce sahip santral kurulacak. G\u00fcne\u015f santrali i\u00e7in 550 Wp g\u00fcc\u00fcnde toplam 1440 adet panel kullan\u0131lacak. Y\u0131ll\u0131k yakla\u015f\u0131k 1200 MWh elektrik \u00fcretmesi planlanan santral, halin enerji ihtiyac\u0131n\u0131 kar\u015f\u0131laman\u0131n yan\u0131 s\u0131ra \u00e7evresel s\u00fcrd\u00fcr\u00fclebilirli\u011fe de katk\u0131 sa\u011flayacak. Bu miktar, yakla\u015f\u0131k 240-300 evin y\u0131ll\u0131k elektrik t\u00fcketimine denk gelirken santralin yap\u0131m\u0131na ili\u015fkin ihale 31 Aral\u0131k 2024 tarihinde ger\u00e7ekle\u015ftirildi. Bu \u00f6nemli yat\u0131r\u0131m ile Fethiye\u2019de temiz enerji kullan\u0131m\u0131n\u0131n art\u0131r\u0131lmas\u0131 ve karbon ayak izinin azalt\u0131lmas\u0131 hedefleniyor\u201d ifadelerini kulland\u0131.<br \/>\n<br \/>G\u00fcnbat\u0131m\u0131 s\u00f6yle\u015fileri yo\u011fun ilgi g\u00f6rd\u00fc<br \/>\n<br \/>Fethiye \u00d6zer Olgun K\u00fclt\u00fcr Merkezi\u2019nde ger\u00e7ekle\u015fen \u2018G\u00fcnbat\u0131m\u0131 S\u00f6yle\u015fileri\u2019 etkinli\u011fi Ba\u015fkan Ahmet Aras ve Ba\u015fkan Alim Karaca\u2019n\u0131n kat\u0131l\u0131m\u0131 ile ger\u00e7ekle\u015fti. Yo\u011fun ilgi g\u00f6ren etkinlikte Aras, b\u00f6lgenin tarihi, turistik ve k\u00fclt\u00fcrel zenginliklerine dikkat \u00e7ekerek, bu miras\u0131n korunmas\u0131 ve gelecek nesillere aktar\u0131lmas\u0131n\u0131n \u00f6nemine vurgu yapt\u0131. Ayr\u0131ca, iktidar de\u011fi\u015fiminin gereklili\u011fine i\u015faret eden Aras, yoksulluk ve T\u00fcrkiye\u2019nin mevcut durumu \u00fczerine de\u011ferlendirmelerde bulundu.<br \/><\/p>\n","protected":false},"excerpt":{"rendered":"<p>Mu\u011fla B\u00fcy\u00fck\u015fehir Belediye Ba\u015fkan\u0131 Ahmet Aras, Fethiye\u2019deki \u00e7al\u0131\u015fmalar\u0131 yerinde inceledi. Muhtarlarla bulu\u015fma ile ba\u015flayan program, Kara\u00e7ulha Hal Gezisi, \u00d6l\u00fcdeniz yol yenileme \u00e7al\u0131\u015fmalar\u0131 incelemesi, Fethiye Belediyesi ziyareti ile devam edip G\u00fcnbat\u0131m\u0131 S\u00f6yle\u015fileri program\u0131 ile sonland\u0131. Fethiye\u2019ye giden Mu\u011fla B\u00fcy\u00fck\u015fehir Belediye Ba\u015fkan\u0131 Ahmet Aras, yeni ba\u015flayan ve devam eden \u00e7al\u0131\u015fmalar\u0131 yerinde inceledi. Muhtarlar ile bulu\u015farak ziyaretlerine ba\u015flayan&#8230;<\/p>\n","protected":false},"author":1,"featured_media":13809,"comment_status":"open","ping_status":"open","sticky":false,"template":"","format":"standard","meta":{"_crdt_document":"","footnotes":""},"categories":[127],"tags":[],"class_list":["post-13808","post","type-post","status-publish","format-standard","has-post-thumbnail","hentry","category-siyaset"],"_links":{"self":[{"href":"https:\/\/www.egemtv.com\/index.php?rest_route=\/wp\/v2\/posts\/13808","targetHints":{"allow":["GET"]}}],"collection":[{"href":"https:\/\/www.egemtv.com\/index.php?rest_route=\/wp\/v2\/posts"}],"about":[{"href":"https:\/\/www.egemtv.com\/index.php?rest_route=\/wp\/v2\/types\/post"}],"author":[{"embeddable":true,"href":"https:\/\/www.egemtv.com\/index.php?rest_route=\/wp\/v2\/users\/1"}],"replies":[{"embeddable":true,"href":"https:\/\/www.egemtv.com\/index.php?rest_route=%2Fwp%2Fv2%2Fcomments&post=13808"}],"version-history":[{"count":1,"href":"https:\/\/www.egemtv.com\/index.php?rest_route=\/wp\/v2\/posts\/13808\/revisions"}],"predecessor-version":[{"id":13810,"href":"https:\/\/www.egemtv.com\/index.php?rest_route=\/wp\/v2\/posts\/13808\/revisions\/13810"}],"wp:featuredmedia":[{"embeddable":true,"href":"https:\/\/www.egemtv.com\/index.php?rest_route=\/wp\/v2\/media\/13809"}],"wp:attachment":[{"href":"https:\/\/www.egemtv.com\/index.php?rest_route=%2Fwp%2Fv2%2Fmedia&parent=13808"}],"wp:term":[{"taxonomy":"category","embeddable":true,"href":"https:\/\/www.egemtv.com\/index.php?rest_route=%2Fwp%2Fv2%2Fcategories&post=13808"},{"taxonomy":"post_tag","embeddable":true,"href":"https:\/\/www.egemtv.com\/index.php?rest_route=%2Fwp%2Fv2%2Ftags&post=13808"}],"curies":[{"name":"wp","href":"https:\/\/api.w.org\/{rel}","templated":true}]}}