{"id":13805,"date":"2025-01-30T15:28:42","date_gmt":"2025-01-30T12:28:42","guid":{"rendered":"https:\/\/www.egemtv.com\/?p=13805"},"modified":"2025-01-30T15:28:45","modified_gmt":"2025-01-30T12:28:45","slug":"didimde-kacak-yapilarin-yikimina-baslandi","status":"publish","type":"post","link":"https:\/\/www.egemtv.com\/?p=13805","title":{"rendered":"Didim\u2019de ka\u00e7ak yap\u0131lar\u0131n y\u0131k\u0131m\u0131na ba\u015fland\u0131"},"content":{"rendered":"<p>Didim Belediyesi il\u00e7ede faaliyet g\u00f6steren bir otelin sahil kesimine yapt\u0131\u011f\u0131 ka\u00e7ak beton yap\u0131y\u0131 y\u0131kt\u0131.<\/p>\n<p>Didim Belediyesi sahil kesiminde yer alan ka\u00e7ak yap\u0131lar\u0131n y\u0131k\u0131m\u0131na ba\u015flad\u0131. Bu kapsamda Hisar Mahallesi Sa\u011ftur mevkiinde yer alan bir otelin sahip kesimine yapt\u0131\u011f\u0131 ve restoran olarak kulland\u0131\u011f\u0131 beton yap\u0131m\u0131n\u0131n y\u0131k\u0131m\u0131n\u0131 ger\u00e7ekle\u015ftirdi.<\/p>\n<p>Y\u0131k\u0131m \u00e7al\u0131\u015fmas\u0131n\u0131 Belediye Ba\u015fkan\u0131 Hatice Gen\u00e7ay, Ba\u015fkan Yard\u0131mc\u0131lar\u0131 Aydan A\u015f\u0131k Turgut, Kaan Top\u00e7uo\u011fullar\u0131 ve Ali \u00c7elik ile baz\u0131 birim m\u00fcd\u00fcrleri kat\u0131ld\u0131. Beton yap\u0131n\u0131n y\u0131k\u0131m\u0131 i\u015f makinesiyle yap\u0131l\u0131rken, moloz d\u00f6k\u00fcm i\u015fi de otel taraf\u0131ndan yap\u0131lacak.<\/p>\n<p>Y\u0131k\u0131mlar ilgili konu\u015fan Belediye Ba\u015fkan\u0131 Hatice Gen\u00e7ay, &#8220;2005-2006 y\u0131l\u0131nda bir i\u015fletme taraf\u0131ndan yap\u0131larak i\u015fgal edilmi\u015f olan bir yer. Daha \u00f6ncesinde uyar\u0131lar\u0131n yap\u0131ld\u0131\u011f\u0131 s\u00f6yleniyor. Uyar\u0131lar kay\u0131tlarda da mevcut. B\u00fct\u00fcn sahilleri halk\u0131n kullan\u0131m\u0131na a\u00e7aca\u011f\u0131z diye yola \u00e7\u0131km\u0131\u015ft\u0131k. Gerekli \u00e7al\u0131\u015fmalara da ba\u015flad\u0131k. \u0130\u015fgal edilmi\u015f olan yap\u0131lar\u0131 y\u0131karak halk\u0131n kullan\u0131m\u0131na a\u00e7\u0131yoruz. Ka\u00e7ak yap\u0131la\u015fmaya, i\u015fgallere kar\u015f\u0131y\u0131z. Gelip i\u015fgal ederek oralar\u0131n sahibi olmayacaklar, sahiller halk\u0131n kullan\u0131m\u0131na a\u00e7\u0131k olacak. Halk\u0131n kullanmas\u0131 i\u00e7in t\u00fcm sahillerin kiralama i\u015flemini yapt\u0131k ve Didim Belediyesi olarak halka biz hizmet verece\u011fiz. \u015eah\u0131slar de\u011fil. Halk\u0131n daha rahat gelip denizden faydalanmas\u0131 i\u00e7in gerekli t\u00fcm her \u015feyi yapaca\u011f\u0131z zaten. Buradaki sahil komple temizlenecek, i\u015fgallerin tamam\u0131 kalkacak. Bu konuyla ilgili de otel y\u00f6neticileri de gere\u011fini yapt\u0131lar zaten. Ben ondan dolay\u0131 onlara da te\u015fekk\u00fcr ediyorum. \u015eu anda onlarla beraber y\u0131k\u0131yoruz. Yani bunu da \u00f6zellikle belirtmek istiyorum. Kavga yok, g\u00fcr\u00fclt\u00fc yok. O insanlara da do\u011fru anlatt\u0131\u011f\u0131m\u0131z zaman do\u011fru \u015feyleri yapabiliyorlar&#8221; dedi.<\/p>\n<p>Ba\u015fkan Gen\u00e7ay il\u00e7edeki bu t\u00fcr ka\u00e7ak yap\u0131lar\u0131n y\u0131k\u0131m s\u00fcre\u00e7lerin devam edece\u011fini belirtti.<br \/><\/p>\n","protected":false},"excerpt":{"rendered":"<p>Didim Belediyesi il\u00e7ede faaliyet g\u00f6steren bir otelin sahil kesimine yapt\u0131\u011f\u0131 ka\u00e7ak beton yap\u0131y\u0131 y\u0131kt\u0131. Didim Belediyesi sahil kesiminde yer alan ka\u00e7ak yap\u0131lar\u0131n y\u0131k\u0131m\u0131na ba\u015flad\u0131. Bu kapsamda Hisar Mahallesi Sa\u011ftur mevkiinde yer alan bir otelin sahip kesimine yapt\u0131\u011f\u0131 ve restoran olarak kulland\u0131\u011f\u0131 beton yap\u0131m\u0131n\u0131n y\u0131k\u0131m\u0131n\u0131 ger\u00e7ekle\u015ftirdi. Y\u0131k\u0131m \u00e7al\u0131\u015fmas\u0131n\u0131 Belediye Ba\u015fkan\u0131 Hatice Gen\u00e7ay, Ba\u015fkan Yard\u0131mc\u0131lar\u0131 Aydan A\u015f\u0131k&#8230;<\/p>\n","protected":false},"author":1,"featured_media":13806,"comment_status":"open","ping_status":"open","sticky":false,"template":"","format":"standard","meta":{"_crdt_document":"","footnotes":""},"categories":[1],"tags":[],"class_list":["post-13805","post","type-post","status-publish","format-standard","has-post-thumbnail","hentry","category-guncel"],"_links":{"self":[{"href":"https:\/\/www.egemtv.com\/index.php?rest_route=\/wp\/v2\/posts\/13805","targetHints":{"allow":["GET"]}}],"collection":[{"href":"https:\/\/www.egemtv.com\/index.php?rest_route=\/wp\/v2\/posts"}],"about":[{"href":"https:\/\/www.egemtv.com\/index.php?rest_route=\/wp\/v2\/types\/post"}],"author":[{"embeddable":true,"href":"https:\/\/www.egemtv.com\/index.php?rest_route=\/wp\/v2\/users\/1"}],"replies":[{"embeddable":true,"href":"https:\/\/www.egemtv.com\/index.php?rest_route=%2Fwp%2Fv2%2Fcomments&post=13805"}],"version-history":[{"count":1,"href":"https:\/\/www.egemtv.com\/index.php?rest_route=\/wp\/v2\/posts\/13805\/revisions"}],"predecessor-version":[{"id":13807,"href":"https:\/\/www.egemtv.com\/index.php?rest_route=\/wp\/v2\/posts\/13805\/revisions\/13807"}],"wp:featuredmedia":[{"embeddable":true,"href":"https:\/\/www.egemtv.com\/index.php?rest_route=\/wp\/v2\/media\/13806"}],"wp:attachment":[{"href":"https:\/\/www.egemtv.com\/index.php?rest_route=%2Fwp%2Fv2%2Fmedia&parent=13805"}],"wp:term":[{"taxonomy":"category","embeddable":true,"href":"https:\/\/www.egemtv.com\/index.php?rest_route=%2Fwp%2Fv2%2Fcategories&post=13805"},{"taxonomy":"post_tag","embeddable":true,"href":"https:\/\/www.egemtv.com\/index.php?rest_route=%2Fwp%2Fv2%2Ftags&post=13805"}],"curies":[{"name":"wp","href":"https:\/\/api.w.org\/{rel}","templated":true}]}}