{"id":13802,"date":"2025-01-30T15:28:39","date_gmt":"2025-01-30T12:28:39","guid":{"rendered":"https:\/\/www.egemtv.com\/?p=13802"},"modified":"2025-01-30T15:28:42","modified_gmt":"2025-01-30T12:28:42","slug":"aydinda-drone-destekli-trafik-denetimi","status":"publish","type":"post","link":"https:\/\/www.egemtv.com\/?p=13802","title":{"rendered":"Ayd\u0131n\u2019da drone destekli trafik denetimi"},"content":{"rendered":"<p>Ayd\u0131n\u2019\u0131n Efeler il\u00e7esi Adnan Menderes Bulvar\u0131 \u00fczerinde ger\u00e7ekle\u015ftirilen drone destekli uygulamada 52 ara\u00e7 s\u00fcr\u00fcc\u00fcne cezai i\u015flem uyguland\u0131.<\/p>\n<p>Ayd\u0131n\u2019da Trafik Denetleme \u015eube M\u00fcd\u00fcrl\u00fc\u011f\u00fc ve \u0130nsans\u0131z Hava Ara\u00e7lar\u0131 B\u00fcro Amirli\u011fi\u2019ne ba\u011fl\u0131 operat\u00f6rler taraf\u0131ndan drone destekli trafik denetimi ger\u00e7ekle\u015ftirildi. Havadan yap\u0131lan denetimlerde; yayaya yol vermeme, seyir halinde cep telefonu kullan\u0131m\u0131, emniyet kemeri takmama, kasks\u0131z motosiklet kullan\u0131m\u0131, yaya ge\u00e7idi \u00fczeri, otob\u00fcs  dura\u011f\u0131 ve \u00e7ift s\u0131ra park gibi konular\u0131na a\u011f\u0131rl\u0131k verilirken, s\u00fcr\u00fcc\u00fclerin yapt\u0131\u011f\u0131 ihlaller de havadan g\u00f6r\u00fcnt\u00fclenerek foto\u011frafland\u0131. Drone marifetiyle tespiti yap\u0131lan kurallara uymayan s\u00fcr\u00fcc\u00fcler hakk\u0131nda i\u015flem yap\u0131ld\u0131. Yakla\u015f\u0131k 1 saat s\u00fcren denetimlerde bir\u00e7ok ara\u00e7 kontrol edilirken, kurallara uymad\u0131\u011f\u0131 tespit edilen 52 ara\u00e7 s\u00fcr\u00fcc\u00fcs\u00fcne idari para cezas\u0131 uyguland\u0131. Ekipler trafik kurallar\u0131n\u0131n \u00f6nemine dikkat \u00e7ekerken, kontrol ve denetimlerin aral\u0131ks\u0131z s\u00fcrece\u011fi \u00f6\u011frenildi.<br \/><\/p>\n","protected":false},"excerpt":{"rendered":"<p>Ayd\u0131n\u2019\u0131n Efeler il\u00e7esi Adnan Menderes Bulvar\u0131 \u00fczerinde ger\u00e7ekle\u015ftirilen drone destekli uygulamada 52 ara\u00e7 s\u00fcr\u00fcc\u00fcne cezai i\u015flem uyguland\u0131. Ayd\u0131n\u2019da Trafik Denetleme \u015eube M\u00fcd\u00fcrl\u00fc\u011f\u00fc ve \u0130nsans\u0131z Hava Ara\u00e7lar\u0131 B\u00fcro Amirli\u011fi\u2019ne ba\u011fl\u0131 operat\u00f6rler taraf\u0131ndan drone destekli trafik denetimi ger\u00e7ekle\u015ftirildi. Havadan yap\u0131lan denetimlerde; yayaya yol vermeme, seyir halinde cep telefonu kullan\u0131m\u0131, emniyet kemeri takmama, kasks\u0131z motosiklet kullan\u0131m\u0131, yaya ge\u00e7idi&#8230;<\/p>\n","protected":false},"author":1,"featured_media":13803,"comment_status":"open","ping_status":"open","sticky":false,"template":"","format":"standard","meta":{"_crdt_document":"","footnotes":""},"categories":[5],"tags":[],"class_list":["post-13802","post","type-post","status-publish","format-standard","has-post-thumbnail","hentry","category-asayis"],"_links":{"self":[{"href":"https:\/\/www.egemtv.com\/index.php?rest_route=\/wp\/v2\/posts\/13802","targetHints":{"allow":["GET"]}}],"collection":[{"href":"https:\/\/www.egemtv.com\/index.php?rest_route=\/wp\/v2\/posts"}],"about":[{"href":"https:\/\/www.egemtv.com\/index.php?rest_route=\/wp\/v2\/types\/post"}],"author":[{"embeddable":true,"href":"https:\/\/www.egemtv.com\/index.php?rest_route=\/wp\/v2\/users\/1"}],"replies":[{"embeddable":true,"href":"https:\/\/www.egemtv.com\/index.php?rest_route=%2Fwp%2Fv2%2Fcomments&post=13802"}],"version-history":[{"count":1,"href":"https:\/\/www.egemtv.com\/index.php?rest_route=\/wp\/v2\/posts\/13802\/revisions"}],"predecessor-version":[{"id":13804,"href":"https:\/\/www.egemtv.com\/index.php?rest_route=\/wp\/v2\/posts\/13802\/revisions\/13804"}],"wp:featuredmedia":[{"embeddable":true,"href":"https:\/\/www.egemtv.com\/index.php?rest_route=\/wp\/v2\/media\/13803"}],"wp:attachment":[{"href":"https:\/\/www.egemtv.com\/index.php?rest_route=%2Fwp%2Fv2%2Fmedia&parent=13802"}],"wp:term":[{"taxonomy":"category","embeddable":true,"href":"https:\/\/www.egemtv.com\/index.php?rest_route=%2Fwp%2Fv2%2Fcategories&post=13802"},{"taxonomy":"post_tag","embeddable":true,"href":"https:\/\/www.egemtv.com\/index.php?rest_route=%2Fwp%2Fv2%2Ftags&post=13802"}],"curies":[{"name":"wp","href":"https:\/\/api.w.org\/{rel}","templated":true}]}}