{"id":13796,"date":"2025-01-30T15:09:57","date_gmt":"2025-01-30T12:09:57","guid":{"rendered":"https:\/\/www.egemtv.com\/?p=13796"},"modified":"2025-01-30T15:09:59","modified_gmt":"2025-01-30T12:09:59","slug":"dogruer-bergama-kultur-sehri-olacak","status":"publish","type":"post","link":"https:\/\/www.egemtv.com\/?p=13796","title":{"rendered":"Do\u011fruer: &#8220;Bergama k\u00fclt\u00fcr \u015fehri olacak&#8221;"},"content":{"rendered":"<p>\u0130zmir Rehberler Odas\u0131 (\u0130ZRO) taraf\u0131ndan d\u00fczenlenen e\u011fitim gezisinde konu\u015fan \u0130l Turizm M\u00fcd\u00fcr\u00fc Sad\u0131k Do\u011fruer, Bergama\u2019y\u0131 bir k\u00fclt\u00fcr \u015fehri haline getirme hedeflerini a\u00e7\u0131klad\u0131.<br \/>\n<br \/>\u0130ZRO\u2019nun e\u011fitim program\u0131 kapsam\u0131nda, Mehmet G\u00fcl\u00fcmser y\u00f6netiminde 50 rehberin kat\u0131l\u0131m\u0131yla bir gezi d\u00fczenlendi. Etkinlik \u00e7er\u00e7evesinde, Bergama \u015fehir merkezindeki tarihi b\u00f6lgeler ziyaret edildi ve \u00c7\u0131naralt\u0131\u2019nda k\u0131sa bir toplant\u0131 yap\u0131ld\u0131. Toplant\u0131ya kat\u0131lan \u0130l K\u00fclt\u00fcr ve Turizm M\u00fcd\u00fcr\u00fc Sad\u0131k Do\u011fruer, Bergama\u2019n\u0131n tarihi ve k\u00fclt\u00fcrel a\u00e7\u0131dan b\u00fcy\u00fck bir potansiyele sahip oldu\u011funu belirterek, \u201c\u015eehir i\u00e7i restorasyon projeleri, gastronomi ve ticaretin canland\u0131r\u0131lmas\u0131yla Bergama\u2019y\u0131 k\u00fclt\u00fcr \u015fehri yapaca\u011f\u0131z. Gece m\u00fczecili\u011fi, konaklamal\u0131 turizm, par\u015f\u00f6men at\u00f6lyeleri gibi yeni projelerle \u015fehri turizmde daha g\u00fc\u00e7l\u00fc bir konuma getirmeyi hedefliyoruz\u201d dedi.<br \/>\n<br \/>Bergama Ticaret Odas\u0131 Ba\u015fkan\u0131 L\u00fctfi Kolat, \u015fehrin y\u00f6resel lezzetleri olan Bergama K\u00f6ftesi, \u00c7\u0131\u011f\u0131rtma ve Bergama Tulum Peynirinin tescillendi\u011fini hat\u0131rlatarak, \u201cBergama\u2019n\u0131n de\u011ferine de\u011fer katmaya devam edece\u011fiz\u201d diye konu\u015ftu.<br \/><\/p>\n","protected":false},"excerpt":{"rendered":"<p>\u0130zmir Rehberler Odas\u0131 (\u0130ZRO) taraf\u0131ndan d\u00fczenlenen e\u011fitim gezisinde konu\u015fan \u0130l Turizm M\u00fcd\u00fcr\u00fc Sad\u0131k Do\u011fruer, Bergama\u2019y\u0131 bir k\u00fclt\u00fcr \u015fehri haline getirme hedeflerini a\u00e7\u0131klad\u0131. \u0130ZRO\u2019nun e\u011fitim program\u0131 kapsam\u0131nda, Mehmet G\u00fcl\u00fcmser y\u00f6netiminde 50 rehberin kat\u0131l\u0131m\u0131yla bir gezi d\u00fczenlendi. Etkinlik \u00e7er\u00e7evesinde, Bergama \u015fehir merkezindeki tarihi b\u00f6lgeler ziyaret edildi ve \u00c7\u0131naralt\u0131\u2019nda k\u0131sa bir toplant\u0131 yap\u0131ld\u0131. Toplant\u0131ya kat\u0131lan \u0130l K\u00fclt\u00fcr ve&#8230;<\/p>\n","protected":false},"author":1,"featured_media":13797,"comment_status":"open","ping_status":"open","sticky":false,"template":"","format":"standard","meta":{"_crdt_document":"","footnotes":""},"categories":[1],"tags":[],"class_list":["post-13796","post","type-post","status-publish","format-standard","has-post-thumbnail","hentry","category-guncel"],"_links":{"self":[{"href":"https:\/\/www.egemtv.com\/index.php?rest_route=\/wp\/v2\/posts\/13796","targetHints":{"allow":["GET"]}}],"collection":[{"href":"https:\/\/www.egemtv.com\/index.php?rest_route=\/wp\/v2\/posts"}],"about":[{"href":"https:\/\/www.egemtv.com\/index.php?rest_route=\/wp\/v2\/types\/post"}],"author":[{"embeddable":true,"href":"https:\/\/www.egemtv.com\/index.php?rest_route=\/wp\/v2\/users\/1"}],"replies":[{"embeddable":true,"href":"https:\/\/www.egemtv.com\/index.php?rest_route=%2Fwp%2Fv2%2Fcomments&post=13796"}],"version-history":[{"count":1,"href":"https:\/\/www.egemtv.com\/index.php?rest_route=\/wp\/v2\/posts\/13796\/revisions"}],"predecessor-version":[{"id":13798,"href":"https:\/\/www.egemtv.com\/index.php?rest_route=\/wp\/v2\/posts\/13796\/revisions\/13798"}],"wp:featuredmedia":[{"embeddable":true,"href":"https:\/\/www.egemtv.com\/index.php?rest_route=\/wp\/v2\/media\/13797"}],"wp:attachment":[{"href":"https:\/\/www.egemtv.com\/index.php?rest_route=%2Fwp%2Fv2%2Fmedia&parent=13796"}],"wp:term":[{"taxonomy":"category","embeddable":true,"href":"https:\/\/www.egemtv.com\/index.php?rest_route=%2Fwp%2Fv2%2Fcategories&post=13796"},{"taxonomy":"post_tag","embeddable":true,"href":"https:\/\/www.egemtv.com\/index.php?rest_route=%2Fwp%2Fv2%2Ftags&post=13796"}],"curies":[{"name":"wp","href":"https:\/\/api.w.org\/{rel}","templated":true}]}}