{"id":13793,"date":"2025-01-30T15:07:50","date_gmt":"2025-01-30T12:07:50","guid":{"rendered":"https:\/\/www.egemtv.com\/?p=13793"},"modified":"2025-01-30T15:07:52","modified_gmt":"2025-01-30T12:07:52","slug":"eglence-mekaninda-bicakla-yaralanan-genc-hayatini-kaybetti","status":"publish","type":"post","link":"https:\/\/www.egemtv.com\/?p=13793","title":{"rendered":"E\u011flence mekan\u0131nda b\u0131\u00e7akla yaralanan gen\u00e7 hayat\u0131n\u0131 kaybetti"},"content":{"rendered":"<p>Denizli\u2019de bir e\u011flence mekan\u0131nda aralar\u0131nda \u00e7\u0131kan kavgada b\u0131\u00e7akla a\u011f\u0131r yaralanan 28 ya\u015f\u0131ndaki gen\u00e7, kald\u0131r\u0131ld\u0131\u011f\u0131 hastanede hayat\u0131n\u0131 kaybetti.<br \/>\n<br \/>Olay, \u00c7ivril il\u00e7esi Akp\u0131nar Mahallesi\u2019nde faaliyet g\u00f6steren bir e\u011flence mekan\u0131nda meydana geldi. Edinilen bilgilere g\u00f6re; Tamer Cura (28) ile e\u011flence mekan\u0131nda bulunan bir grup aras\u0131nda hen\u00fcz bilinmeyen bir nedenle tart\u0131\u015fma \u00e7\u0131kt\u0131. \u00c7\u0131kan tart\u0131\u015fman\u0131n kavgaya d\u00f6n\u00fc\u015fmesi \u00fczerine e\u011flence mekan\u0131ndaki g\u00f6revliler, taraflar\u0131n birini d\u0131\u015far\u0131ya \u00e7\u0131kartt\u0131. Daha sonra d\u0131\u015far\u0131ya \u00e7\u0131kmak i\u00e7in y\u00f6nelen Tamer Cura, e\u011flence mekan\u0131n koridorunda tart\u0131\u015ft\u0131\u011f\u0131 ki\u015filer ile kar\u015f\u0131la\u015ft\u0131. Burada yan\u0131nda b\u0131\u00e7ak bulunan E.K., Tamer Cura\u2019y\u0131 kas\u0131\u011f\u0131ndan yaralad\u0131. Olay\u0131 g\u00f6ren ki\u015filerin ihbar\u0131 \u00fczerine b\u00f6lgeye sa\u011fl\u0131k ve jandarma ekipleri sevk edildi. Olaya kar\u0131\u015fan \u015f\u00fcpheliler ka\u00e7arken, Tamer Cura ambulansla \u00c7ivril Devlet Hastanesine kald\u0131r\u0131ld\u0131. Burada ilk m\u00fcdahalesi yap\u0131lan Tamer Cura daha sonra Denizli Devlet Hastanesine sevk edildi. Denizli Devlet Hastanesinde tedavi alt\u0131na al\u0131nan gen\u00e7 adam, doktorlar\u0131n t\u00fcm m\u00fcdahalesine ra\u011fmen ya\u015fam\u0131n\u0131 yitirdi.<br \/>\n<br \/>Bir \u00e7ocuk babas\u0131 oldu\u011fu \u00f6\u011frenilen Cura\u2019n\u0131n cans\u0131z bedeni, otopsi yap\u0131lmak \u00fczere Adli T\u0131p Kurumu Grup Ba\u015fkanl\u0131\u011f\u0131 morguna kald\u0131r\u0131ld\u0131. Olay\u0131 ger\u00e7ekle\u015ftirdikten sonra firar eden \u015f\u00fcphelilerin yakalanmas\u0131 i\u00e7in \u00e7al\u0131\u015fma ba\u015flat\u0131ld\u0131.<br \/>\n<br \/>Olayla ilgili ba\u015flat\u0131lan soru\u015fturma s\u00fcr\u00fcyor.<br \/><\/p>\n","protected":false},"excerpt":{"rendered":"<p>Denizli\u2019de bir e\u011flence mekan\u0131nda aralar\u0131nda \u00e7\u0131kan kavgada b\u0131\u00e7akla a\u011f\u0131r yaralanan 28 ya\u015f\u0131ndaki gen\u00e7, kald\u0131r\u0131ld\u0131\u011f\u0131 hastanede hayat\u0131n\u0131 kaybetti. Olay, \u00c7ivril il\u00e7esi Akp\u0131nar Mahallesi\u2019nde faaliyet g\u00f6steren bir e\u011flence mekan\u0131nda meydana geldi. Edinilen bilgilere g\u00f6re; Tamer Cura (28) ile e\u011flence mekan\u0131nda bulunan bir grup aras\u0131nda hen\u00fcz bilinmeyen bir nedenle tart\u0131\u015fma \u00e7\u0131kt\u0131. \u00c7\u0131kan tart\u0131\u015fman\u0131n kavgaya d\u00f6n\u00fc\u015fmesi \u00fczerine e\u011flence mekan\u0131ndaki&#8230;<\/p>\n","protected":false},"author":1,"featured_media":13794,"comment_status":"open","ping_status":"open","sticky":false,"template":"","format":"standard","meta":{"_crdt_document":"","footnotes":""},"categories":[5],"tags":[],"class_list":["post-13793","post","type-post","status-publish","format-standard","has-post-thumbnail","hentry","category-asayis"],"_links":{"self":[{"href":"https:\/\/www.egemtv.com\/index.php?rest_route=\/wp\/v2\/posts\/13793","targetHints":{"allow":["GET"]}}],"collection":[{"href":"https:\/\/www.egemtv.com\/index.php?rest_route=\/wp\/v2\/posts"}],"about":[{"href":"https:\/\/www.egemtv.com\/index.php?rest_route=\/wp\/v2\/types\/post"}],"author":[{"embeddable":true,"href":"https:\/\/www.egemtv.com\/index.php?rest_route=\/wp\/v2\/users\/1"}],"replies":[{"embeddable":true,"href":"https:\/\/www.egemtv.com\/index.php?rest_route=%2Fwp%2Fv2%2Fcomments&post=13793"}],"version-history":[{"count":1,"href":"https:\/\/www.egemtv.com\/index.php?rest_route=\/wp\/v2\/posts\/13793\/revisions"}],"predecessor-version":[{"id":13795,"href":"https:\/\/www.egemtv.com\/index.php?rest_route=\/wp\/v2\/posts\/13793\/revisions\/13795"}],"wp:featuredmedia":[{"embeddable":true,"href":"https:\/\/www.egemtv.com\/index.php?rest_route=\/wp\/v2\/media\/13794"}],"wp:attachment":[{"href":"https:\/\/www.egemtv.com\/index.php?rest_route=%2Fwp%2Fv2%2Fmedia&parent=13793"}],"wp:term":[{"taxonomy":"category","embeddable":true,"href":"https:\/\/www.egemtv.com\/index.php?rest_route=%2Fwp%2Fv2%2Fcategories&post=13793"},{"taxonomy":"post_tag","embeddable":true,"href":"https:\/\/www.egemtv.com\/index.php?rest_route=%2Fwp%2Fv2%2Ftags&post=13793"}],"curies":[{"name":"wp","href":"https:\/\/api.w.org\/{rel}","templated":true}]}}