{"id":13790,"date":"2025-01-30T14:58:27","date_gmt":"2025-01-30T11:58:27","guid":{"rendered":"https:\/\/www.egemtv.com\/?p=13790"},"modified":"2025-01-30T14:58:30","modified_gmt":"2025-01-30T11:58:30","slug":"afyonkarahisarda-yatsi-namazi-bulusmalari-suruyor","status":"publish","type":"post","link":"https:\/\/www.egemtv.com\/?p=13790","title":{"rendered":"Afyonkarahisar\u2019da yats\u0131 namaz\u0131 bulu\u015fmalar\u0131 s\u00fcr\u00fcyor"},"content":{"rendered":"<p>Afyonkarahisar \u0130l M\u00fcft\u00fcl\u00fc\u011f\u00fc her hafta farkl\u0131 bir mahalle ve beldede planlanan yats\u0131 namaz\u0131 bulu\u015fmalar\u0131na devam ediyor.<br \/>\n<br \/>Bu \u00e7er\u00e7evede bu hafta merkez Fethibey Beldesi \u015eehitlik Cami\u2019inde \u0130l M\u00fcft\u00fcs\u00fc L\u00fctf\u00fc \u0130mamo\u011flu, camii g\u00f6revlileri ve cemaatin kat\u0131l\u0131m\u0131yla ger\u00e7ekle\u015ftirildi. Program \u0130l M\u00fcft\u00fcs\u00fc \u0130mamo\u011flu\u2019nun sohbeti ve dua ile sona erdi. Programda eme\u011fi ge\u00e7enlere te\u015fekk\u00fcr edildi.<br \/><\/p>\n","protected":false},"excerpt":{"rendered":"<p>Afyonkarahisar \u0130l M\u00fcft\u00fcl\u00fc\u011f\u00fc her hafta farkl\u0131 bir mahalle ve beldede planlanan yats\u0131 namaz\u0131 bulu\u015fmalar\u0131na devam ediyor. Bu \u00e7er\u00e7evede bu hafta merkez Fethibey Beldesi \u015eehitlik Cami\u2019inde \u0130l M\u00fcft\u00fcs\u00fc L\u00fctf\u00fc \u0130mamo\u011flu, camii g\u00f6revlileri ve cemaatin kat\u0131l\u0131m\u0131yla ger\u00e7ekle\u015ftirildi. Program \u0130l M\u00fcft\u00fcs\u00fc \u0130mamo\u011flu\u2019nun sohbeti ve dua ile sona erdi. Programda eme\u011fi ge\u00e7enlere te\u015fekk\u00fcr edildi.<\/p>\n","protected":false},"author":1,"featured_media":13791,"comment_status":"open","ping_status":"open","sticky":false,"template":"","format":"standard","meta":{"_crdt_document":"","footnotes":""},"categories":[1],"tags":[],"class_list":["post-13790","post","type-post","status-publish","format-standard","has-post-thumbnail","hentry","category-guncel"],"_links":{"self":[{"href":"https:\/\/www.egemtv.com\/index.php?rest_route=\/wp\/v2\/posts\/13790","targetHints":{"allow":["GET"]}}],"collection":[{"href":"https:\/\/www.egemtv.com\/index.php?rest_route=\/wp\/v2\/posts"}],"about":[{"href":"https:\/\/www.egemtv.com\/index.php?rest_route=\/wp\/v2\/types\/post"}],"author":[{"embeddable":true,"href":"https:\/\/www.egemtv.com\/index.php?rest_route=\/wp\/v2\/users\/1"}],"replies":[{"embeddable":true,"href":"https:\/\/www.egemtv.com\/index.php?rest_route=%2Fwp%2Fv2%2Fcomments&post=13790"}],"version-history":[{"count":1,"href":"https:\/\/www.egemtv.com\/index.php?rest_route=\/wp\/v2\/posts\/13790\/revisions"}],"predecessor-version":[{"id":13792,"href":"https:\/\/www.egemtv.com\/index.php?rest_route=\/wp\/v2\/posts\/13790\/revisions\/13792"}],"wp:featuredmedia":[{"embeddable":true,"href":"https:\/\/www.egemtv.com\/index.php?rest_route=\/wp\/v2\/media\/13791"}],"wp:attachment":[{"href":"https:\/\/www.egemtv.com\/index.php?rest_route=%2Fwp%2Fv2%2Fmedia&parent=13790"}],"wp:term":[{"taxonomy":"category","embeddable":true,"href":"https:\/\/www.egemtv.com\/index.php?rest_route=%2Fwp%2Fv2%2Fcategories&post=13790"},{"taxonomy":"post_tag","embeddable":true,"href":"https:\/\/www.egemtv.com\/index.php?rest_route=%2Fwp%2Fv2%2Ftags&post=13790"}],"curies":[{"name":"wp","href":"https:\/\/api.w.org\/{rel}","templated":true}]}}