{"id":13787,"date":"2025-01-30T14:58:25","date_gmt":"2025-01-30T11:58:25","guid":{"rendered":"https:\/\/www.egemtv.com\/?p=13787"},"modified":"2025-01-30T14:58:27","modified_gmt":"2025-01-30T11:58:27","slug":"genclik-spor-kulubu-voleybol-takimi-calismalarini-surduruyor","status":"publish","type":"post","link":"https:\/\/www.egemtv.com\/?p=13787","title":{"rendered":"Gen\u00e7lik Spor Kul\u00fcb\u00fc voleybol tak\u0131m\u0131 \u00e7al\u0131\u015fmalar\u0131n\u0131 s\u00fcrd\u00fcr\u00fcyor"},"content":{"rendered":"<p>Afyonkarahisar Gen\u00e7lik ve Spor \u0130l M\u00fcd\u00fcr\u00fc \u0130smail Hakk\u0131 Kasapo\u011flu ve Spor Hizmetleri M\u00fcd\u00fcr\u00fc Y\u0131lmaz Er\u015fen, Prof. Dr. Veysel Ero\u011flu Spor Salonu\u2019nda antrenmanlar\u0131n\u0131 s\u00fcrd\u00fcren Gen\u00e7lik Spor Kul\u00fcb\u00fc voleybol tak\u0131m\u0131n\u0131 ziyaret etti.<br \/>\n<br \/>Kasapo\u011flu, voleybol tak\u0131m\u0131n\u0131n antrenman\u0131na kat\u0131larak oyuncularla sohbet etti, tak\u0131ma olan g\u00fcvenini dile getirdi. Ziyaret s\u0131ras\u0131nda yapt\u0131\u011f\u0131 a\u00e7\u0131klamada, &#8220;\u0130nand\u0131k hocalar\u0131m\u0131za, g\u00fcvendik tak\u0131m\u0131m\u0131za. Hep birlikte \u00e7ok daha b\u00fcy\u00fck ba\u015far\u0131lar elde edece\u011fiz. Hedefimiz 2. Lig&#8221; diyerek, tak\u0131m\u0131n hedefledi\u011fi 2. Lig ba\u015far\u0131s\u0131na ula\u015fmas\u0131 i\u00e7in ellerinden gelen t\u00fcm deste\u011fi sunacaklar\u0131n\u0131 belirtti. Ayr\u0131ca, moral verici bir jest olarak oyunculara lokum ikram\u0131nda bulundu.<br \/>\n<br \/>Ziyaretin devam\u0131nda, Gen\u00e7lik Spor Kul\u00fcb\u00fc Voleybol Tak\u0131m\u0131\u2019n\u0131n antren\u00f6rleri Samet Bak\u0131r ve Yunus Sincik de a\u00e7\u0131klama yaparak tak\u0131m\u0131n son durumu ve hedefleri hakk\u0131nda bilgi verdi. Antren\u00f6r Samet Bak\u0131r, &#8220;Tak\u0131m\u0131m\u0131z\u0131n oyuncular\u0131 \u00e7ok istekli ve disiplinli. Hem fiziksel hem de zihinsel olarak \u00e7ok iyi bir geli\u015fim g\u00f6steriyorlar. Hedefimiz 2. Lig\u2019e \u00e7\u0131kmak ve bu ba\u015far\u0131y\u0131 Afyonkarahisar\u2019a ya\u015fatmak. Bunun i\u00e7in elimizden geleni yap\u0131yoruz&#8221; dedi.<br \/><\/p>\n","protected":false},"excerpt":{"rendered":"<p>Afyonkarahisar Gen\u00e7lik ve Spor \u0130l M\u00fcd\u00fcr\u00fc \u0130smail Hakk\u0131 Kasapo\u011flu ve Spor Hizmetleri M\u00fcd\u00fcr\u00fc Y\u0131lmaz Er\u015fen, Prof. Dr. Veysel Ero\u011flu Spor Salonu\u2019nda antrenmanlar\u0131n\u0131 s\u00fcrd\u00fcren Gen\u00e7lik Spor Kul\u00fcb\u00fc voleybol tak\u0131m\u0131n\u0131 ziyaret etti. Kasapo\u011flu, voleybol tak\u0131m\u0131n\u0131n antrenman\u0131na kat\u0131larak oyuncularla sohbet etti, tak\u0131ma olan g\u00fcvenini dile getirdi. Ziyaret s\u0131ras\u0131nda yapt\u0131\u011f\u0131 a\u00e7\u0131klamada, &#8220;\u0130nand\u0131k hocalar\u0131m\u0131za, g\u00fcvendik tak\u0131m\u0131m\u0131za. Hep birlikte \u00e7ok daha&#8230;<\/p>\n","protected":false},"author":1,"featured_media":13788,"comment_status":"open","ping_status":"open","sticky":false,"template":"","format":"standard","meta":{"_crdt_document":"","footnotes":""},"categories":[4],"tags":[],"class_list":["post-13787","post","type-post","status-publish","format-standard","has-post-thumbnail","hentry","category-spor"],"_links":{"self":[{"href":"https:\/\/www.egemtv.com\/index.php?rest_route=\/wp\/v2\/posts\/13787","targetHints":{"allow":["GET"]}}],"collection":[{"href":"https:\/\/www.egemtv.com\/index.php?rest_route=\/wp\/v2\/posts"}],"about":[{"href":"https:\/\/www.egemtv.com\/index.php?rest_route=\/wp\/v2\/types\/post"}],"author":[{"embeddable":true,"href":"https:\/\/www.egemtv.com\/index.php?rest_route=\/wp\/v2\/users\/1"}],"replies":[{"embeddable":true,"href":"https:\/\/www.egemtv.com\/index.php?rest_route=%2Fwp%2Fv2%2Fcomments&post=13787"}],"version-history":[{"count":1,"href":"https:\/\/www.egemtv.com\/index.php?rest_route=\/wp\/v2\/posts\/13787\/revisions"}],"predecessor-version":[{"id":13789,"href":"https:\/\/www.egemtv.com\/index.php?rest_route=\/wp\/v2\/posts\/13787\/revisions\/13789"}],"wp:featuredmedia":[{"embeddable":true,"href":"https:\/\/www.egemtv.com\/index.php?rest_route=\/wp\/v2\/media\/13788"}],"wp:attachment":[{"href":"https:\/\/www.egemtv.com\/index.php?rest_route=%2Fwp%2Fv2%2Fmedia&parent=13787"}],"wp:term":[{"taxonomy":"category","embeddable":true,"href":"https:\/\/www.egemtv.com\/index.php?rest_route=%2Fwp%2Fv2%2Fcategories&post=13787"},{"taxonomy":"post_tag","embeddable":true,"href":"https:\/\/www.egemtv.com\/index.php?rest_route=%2Fwp%2Fv2%2Ftags&post=13787"}],"curies":[{"name":"wp","href":"https:\/\/api.w.org\/{rel}","templated":true}]}}