{"id":13784,"date":"2025-01-30T14:49:35","date_gmt":"2025-01-30T11:49:35","guid":{"rendered":"https:\/\/www.egemtv.com\/?p=13784"},"modified":"2025-01-30T14:49:38","modified_gmt":"2025-01-30T11:49:38","slug":"doc-dr-erdemir-bebeklerde-topuk-kani-testi-ve-asilarin-onemine-dikkat-cekti","status":"publish","type":"post","link":"https:\/\/www.egemtv.com\/?p=13784","title":{"rendered":"Do\u00e7. Dr. Erdemir bebeklerde, topuk kan\u0131 testi ve a\u015f\u0131lar\u0131n \u00f6nemine dikkat \u00e7ekti"},"content":{"rendered":"<p>Manisa \u015eehir Hastanesi Neonatoloji Hekimi Do\u00e7. Dr. Zelal Erdemir, bebeklerde; topuk kan\u0131 taramas\u0131, K vitamini ve a\u015f\u0131lar\u0131n \u00f6nemi hakk\u0131nda \u00f6nemli a\u00e7\u0131klamalarda bulundu. Son zamanlarda bebeklerde topuk kan\u0131 tarama testi, do\u011fumda K vitamini uygulamas\u0131 ve a\u015f\u0131lar\u0131n reddi s\u0131kl\u0131\u011f\u0131n\u0131n giderek artt\u0131\u011f\u0131na dikkat \u00e7ekerek bu uygulamalar\u0131n \u00f6neminden bahsetti.<br \/>\n<br \/>T\u00fcrkiye\u2019de son zamanlarda topuk kan\u0131 tarama testi, do\u011fumda K vitamini uygulamas\u0131 ve a\u015f\u0131lar\u0131n reddi s\u0131kl\u0131\u011f\u0131n\u0131n giderek artt\u0131\u011f\u0131na dikkat \u00e7eken Do\u00e7. Dr. Zelal Erdemir, &#8220;Topuk kan\u0131 tarama testi, yenido\u011fanlarda kal\u0131tsal ve metabolik hastal\u0131klar\u0131n erken te\u015fhisi i\u00e7in yap\u0131l\u0131r. Bu test sayesinde hastal\u0131klar erken tan\u0131lan\u0131p tedavi edilerek bebeklerin sa\u011fl\u0131kl\u0131 bir ya\u015fam s\u00fcrmesi sa\u011flan\u0131r. Bu hastal\u0131klara erken m\u00fcdahale edilmemesi ise geri d\u00f6n\u00fclemez sa\u011fl\u0131k sorunlar\u0131na yol a\u00e7abilir. K vitamini, kan\u0131n p\u0131ht\u0131la\u015fmas\u0131n\u0131 sa\u011flayarak beyin kanamas\u0131 gibi ciddi sorunlar\u0131 \u00f6nler. A\u015f\u0131lar ise ba\u011f\u0131\u015f\u0131kl\u0131k sistemini g\u00fc\u00e7lendirerek \u00f6l\u00fcmc\u00fcl hastal\u0131klardan korunmay\u0131 sa\u011flar. T\u00fcm bilimsel veriler, topuk kan\u0131 tarama testinin, a\u015f\u0131n\u0131n ve K vitamininin g\u00fcvenli ve hayati oldu\u011funu a\u00e7\u0131k\u00e7a g\u00f6stermektedir.&#8221; ifadelerini kullanarak. testin ve a\u015f\u0131lar\u0131n yap\u0131lmas\u0131 gerekti\u011fini s\u00f6yledi.<br \/><\/p>\n","protected":false},"excerpt":{"rendered":"<p>Manisa \u015eehir Hastanesi Neonatoloji Hekimi Do\u00e7. Dr. Zelal Erdemir, bebeklerde; topuk kan\u0131 taramas\u0131, K vitamini ve a\u015f\u0131lar\u0131n \u00f6nemi hakk\u0131nda \u00f6nemli a\u00e7\u0131klamalarda bulundu. Son zamanlarda bebeklerde topuk kan\u0131 tarama testi, do\u011fumda K vitamini uygulamas\u0131 ve a\u015f\u0131lar\u0131n reddi s\u0131kl\u0131\u011f\u0131n\u0131n giderek artt\u0131\u011f\u0131na dikkat \u00e7ekerek bu uygulamalar\u0131n \u00f6neminden bahsetti. T\u00fcrkiye\u2019de son zamanlarda topuk kan\u0131 tarama testi, do\u011fumda K vitamini&#8230;<\/p>\n","protected":false},"author":1,"featured_media":13785,"comment_status":"open","ping_status":"open","sticky":false,"template":"","format":"standard","meta":{"_crdt_document":"","footnotes":""},"categories":[2],"tags":[],"class_list":["post-13784","post","type-post","status-publish","format-standard","has-post-thumbnail","hentry","category-saglik"],"_links":{"self":[{"href":"https:\/\/www.egemtv.com\/index.php?rest_route=\/wp\/v2\/posts\/13784","targetHints":{"allow":["GET"]}}],"collection":[{"href":"https:\/\/www.egemtv.com\/index.php?rest_route=\/wp\/v2\/posts"}],"about":[{"href":"https:\/\/www.egemtv.com\/index.php?rest_route=\/wp\/v2\/types\/post"}],"author":[{"embeddable":true,"href":"https:\/\/www.egemtv.com\/index.php?rest_route=\/wp\/v2\/users\/1"}],"replies":[{"embeddable":true,"href":"https:\/\/www.egemtv.com\/index.php?rest_route=%2Fwp%2Fv2%2Fcomments&post=13784"}],"version-history":[{"count":1,"href":"https:\/\/www.egemtv.com\/index.php?rest_route=\/wp\/v2\/posts\/13784\/revisions"}],"predecessor-version":[{"id":13786,"href":"https:\/\/www.egemtv.com\/index.php?rest_route=\/wp\/v2\/posts\/13784\/revisions\/13786"}],"wp:featuredmedia":[{"embeddable":true,"href":"https:\/\/www.egemtv.com\/index.php?rest_route=\/wp\/v2\/media\/13785"}],"wp:attachment":[{"href":"https:\/\/www.egemtv.com\/index.php?rest_route=%2Fwp%2Fv2%2Fmedia&parent=13784"}],"wp:term":[{"taxonomy":"category","embeddable":true,"href":"https:\/\/www.egemtv.com\/index.php?rest_route=%2Fwp%2Fv2%2Fcategories&post=13784"},{"taxonomy":"post_tag","embeddable":true,"href":"https:\/\/www.egemtv.com\/index.php?rest_route=%2Fwp%2Fv2%2Ftags&post=13784"}],"curies":[{"name":"wp","href":"https:\/\/api.w.org\/{rel}","templated":true}]}}