{"id":13781,"date":"2025-01-30T14:40:27","date_gmt":"2025-01-30T11:40:27","guid":{"rendered":"https:\/\/www.egemtv.com\/?p=13781"},"modified":"2025-01-30T14:40:32","modified_gmt":"2025-01-30T11:40:32","slug":"sehzadeler-belediyesinden-okullara-yenileme-destegi","status":"publish","type":"post","link":"https:\/\/www.egemtv.com\/?p=13781","title":{"rendered":"\u015eehzadeler Belediyesinden okullara yenileme deste\u011fi"},"content":{"rendered":"<p>Manisa\u2019daki Yenik\u00f6y Atat\u00fcrk \u0130lkokulu ve Ortaokulu s\u00f6mestr tatilinde \u015eehzadeler Belediyesi ekiplerince boyanarak \u00f6\u011frenciler i\u00e7in yenilendi.<br \/>\n<br \/>\u015eehzadeler Belediyesi, e\u011fitime verdi\u011fi desteklere bir yenisini daha ekleyerek Yenik\u00f6y Atat\u00fcrk \u0130lkokulu ve Ortaokulu\u2019nda kapsaml\u0131 bir yenileme \u00e7al\u0131\u015fmas\u0131 ger\u00e7ekle\u015ftirdi. S\u00f6mestr tatilinde okulun boya i\u015flemleri tamamlanarak \u00f6\u011frencilere daha temiz ve ferah bir e\u011fitim ortam\u0131 sunuldu. Belediye ekipleri taraf\u0131ndan titizlikle y\u00fcr\u00fct\u00fclen \u00e7al\u0131\u015fmalar kapsam\u0131nda okulun i\u00e7 ve d\u0131\u015f cepheleri boyanarak modern bir g\u00f6r\u00fcn\u00fcme kavu\u015fturuldu. Yap\u0131lan bu \u00e7al\u0131\u015fma, \u00f6\u011frencilerin ikinci d\u00f6neme daha g\u00fczel bir okulda ba\u015flamas\u0131n\u0131 sa\u011flarken, veliler ve \u00f6\u011fretmenler de belediyenin e\u011fitime olan deste\u011finden dolay\u0131 memnuniyetlerini dile getirdi.<br \/>\n<br \/>\u015eehzadeler Belediye Ba\u015fkan\u0131 G\u00fcl\u015fah Durbay, e\u011fitime olan desteklerinin devam edece\u011fini belirterek, \u201c\u00c7ocuklar\u0131m\u0131z\u0131n daha sa\u011fl\u0131kl\u0131, temiz ve modern bir ortamda e\u011fitim almas\u0131 bizim \u00f6nceli\u011fimiz. Bu do\u011frultuda il\u00e7emizdeki okullara destek vermeye devam edece\u011fiz. E\u011fitim, gelece\u011fe yap\u0131lan en b\u00fcy\u00fck yat\u0131r\u0131md\u0131r ve biz de \u015eehzadeler Belediyesi olarak her zaman e\u011fitimin yan\u0131nda olaca\u011f\u0131z\u201d dedi.<br \/><\/p>\n","protected":false},"excerpt":{"rendered":"<p>Manisa\u2019daki Yenik\u00f6y Atat\u00fcrk \u0130lkokulu ve Ortaokulu s\u00f6mestr tatilinde \u015eehzadeler Belediyesi ekiplerince boyanarak \u00f6\u011frenciler i\u00e7in yenilendi. \u015eehzadeler Belediyesi, e\u011fitime verdi\u011fi desteklere bir yenisini daha ekleyerek Yenik\u00f6y Atat\u00fcrk \u0130lkokulu ve Ortaokulu\u2019nda kapsaml\u0131 bir yenileme \u00e7al\u0131\u015fmas\u0131 ger\u00e7ekle\u015ftirdi. S\u00f6mestr tatilinde okulun boya i\u015flemleri tamamlanarak \u00f6\u011frencilere daha temiz ve ferah bir e\u011fitim ortam\u0131 sunuldu. Belediye ekipleri taraf\u0131ndan titizlikle y\u00fcr\u00fct\u00fclen \u00e7al\u0131\u015fmalar&#8230;<\/p>\n","protected":false},"author":1,"featured_media":13782,"comment_status":"open","ping_status":"open","sticky":false,"template":"","format":"standard","meta":{"_crdt_document":"","footnotes":""},"categories":[1],"tags":[],"class_list":["post-13781","post","type-post","status-publish","format-standard","has-post-thumbnail","hentry","category-guncel"],"_links":{"self":[{"href":"https:\/\/www.egemtv.com\/index.php?rest_route=\/wp\/v2\/posts\/13781","targetHints":{"allow":["GET"]}}],"collection":[{"href":"https:\/\/www.egemtv.com\/index.php?rest_route=\/wp\/v2\/posts"}],"about":[{"href":"https:\/\/www.egemtv.com\/index.php?rest_route=\/wp\/v2\/types\/post"}],"author":[{"embeddable":true,"href":"https:\/\/www.egemtv.com\/index.php?rest_route=\/wp\/v2\/users\/1"}],"replies":[{"embeddable":true,"href":"https:\/\/www.egemtv.com\/index.php?rest_route=%2Fwp%2Fv2%2Fcomments&post=13781"}],"version-history":[{"count":1,"href":"https:\/\/www.egemtv.com\/index.php?rest_route=\/wp\/v2\/posts\/13781\/revisions"}],"predecessor-version":[{"id":13783,"href":"https:\/\/www.egemtv.com\/index.php?rest_route=\/wp\/v2\/posts\/13781\/revisions\/13783"}],"wp:featuredmedia":[{"embeddable":true,"href":"https:\/\/www.egemtv.com\/index.php?rest_route=\/wp\/v2\/media\/13782"}],"wp:attachment":[{"href":"https:\/\/www.egemtv.com\/index.php?rest_route=%2Fwp%2Fv2%2Fmedia&parent=13781"}],"wp:term":[{"taxonomy":"category","embeddable":true,"href":"https:\/\/www.egemtv.com\/index.php?rest_route=%2Fwp%2Fv2%2Fcategories&post=13781"},{"taxonomy":"post_tag","embeddable":true,"href":"https:\/\/www.egemtv.com\/index.php?rest_route=%2Fwp%2Fv2%2Ftags&post=13781"}],"curies":[{"name":"wp","href":"https:\/\/api.w.org\/{rel}","templated":true}]}}