{"id":13775,"date":"2025-01-30T14:31:29","date_gmt":"2025-01-30T11:31:29","guid":{"rendered":"https:\/\/www.egemtv.com\/?p=13775"},"modified":"2025-01-30T14:31:31","modified_gmt":"2025-01-30T11:31:31","slug":"narenciye-dalinda-kaldi","status":"publish","type":"post","link":"https:\/\/www.egemtv.com\/?p=13775","title":{"rendered":"Narenciye dal\u0131nda kald\u0131"},"content":{"rendered":"<p>Ayd\u0131n\u2019\u0131n en \u00f6nemli ge\u00e7im kaynaklar\u0131 aras\u0131nda yer alan portakal ve mandalinan\u0131n tezgahtaki fiyat\u0131 ile tarladaki fiyat\u0131 aras\u0131ndaki u\u00e7urum \u00e7ift\u00e7ileri k\u00fcst\u00fcrd\u00fc. Pazar tezgahlar\u0131nda kilosu 25-30 TL olan portakala halde 8 TL fiyat yaz\u0131l\u0131nca pek \u00e7ok \u00fcretici maliyeti kar\u015f\u0131layamad\u0131\u011f\u0131 i\u00e7in \u00fcr\u00fcn\u00fc dal\u0131nda b\u0131rakt\u0131.<br \/>\n<br \/>K\u0131\u015f hastal\u0131klar\u0131na ve gribe kar\u015f\u0131 olduk\u00e7a etkili olmas\u0131na ra\u011fmen portakal ve mandalinan\u0131n bu y\u0131l sat\u0131lmad\u0131\u011f\u0131n\u0131 ve \u00fcr\u00fcnlerin a\u011fa\u00e7ta kald\u0131\u011f\u0131n\u0131 belirten Ayd\u0131nl\u0131 \u00fcreticilerden Arif Solagay, \u201cT\u00fcrkiye\u2019de planl\u0131 ve bilin\u00e7li tar\u0131m yap\u0131lmad\u0131\u011f\u0131 s\u00fcrece \u00e7ift\u00e7i umdu\u011funu bulamaz. Portakal vatanda\u015f t\u00fcketmek istedi\u011finde kilogram\u0131 25-30 TL. Ancak \u00e7ift\u00e7i \u00fcr\u00fcn\u00fc yeti\u015ftirip toplay\u0131p hale g\u00f6t\u00fcr\u00fcp satmak istedi\u011finde 8-10 TL. Her zaman \u00e7ileyi \u00fcretici \u00e7ekiyor. Paray\u0131 arac\u0131 kazan\u0131yor. Y\u0131llar \u00f6nce Sultanhisar\u2019a \u2018Narenciye \u00fcreticisinin \u00e7ilesi bitecek\u2019 denilerek meyve suyu fabrikas\u0131 kuruldu. Ancak \u00e7ift\u00e7inin lehine hi\u00e7bir \u015fey de\u011fi\u015fmedi. Meyve suyu fabrikas\u0131n\u0131n dibinde \u00fcretim yap\u0131yoruz. Ancak yine \u00fcr\u00fcn\u00fcm\u00fcz para etmiyor. Kendim ya\u015fl\u0131 ve rahats\u0131z\u0131m. Toplatt\u0131r\u0131p satmak istesem, \u00fcr\u00fcn\u00fcn sat\u0131\u015f\u0131ndan elde edece\u011fimiz gelir maalesef i\u015f\u00e7ilik maliyetini kar\u015f\u0131lamayacak ve cebimizden ayr\u0131ca para \u00f6demek zorunda kalaca\u011f\u0131z. Bu nedenle pek \u00e7ok ki\u015fi daha fazla zarar etmemek i\u00e7in \u00fcr\u00fcn\u00fcn\u00fc toplayamad\u0131\u201d dedi.<br \/><\/p>\n","protected":false},"excerpt":{"rendered":"<p>Ayd\u0131n\u2019\u0131n en \u00f6nemli ge\u00e7im kaynaklar\u0131 aras\u0131nda yer alan portakal ve mandalinan\u0131n tezgahtaki fiyat\u0131 ile tarladaki fiyat\u0131 aras\u0131ndaki u\u00e7urum \u00e7ift\u00e7ileri k\u00fcst\u00fcrd\u00fc. Pazar tezgahlar\u0131nda kilosu 25-30 TL olan portakala halde 8 TL fiyat yaz\u0131l\u0131nca pek \u00e7ok \u00fcretici maliyeti kar\u015f\u0131layamad\u0131\u011f\u0131 i\u00e7in \u00fcr\u00fcn\u00fc dal\u0131nda b\u0131rakt\u0131. K\u0131\u015f hastal\u0131klar\u0131na ve gribe kar\u015f\u0131 olduk\u00e7a etkili olmas\u0131na ra\u011fmen portakal ve mandalinan\u0131n bu y\u0131l&#8230;<\/p>\n","protected":false},"author":1,"featured_media":13776,"comment_status":"open","ping_status":"open","sticky":false,"template":"","format":"standard","meta":{"_crdt_document":"","footnotes":""},"categories":[125],"tags":[],"class_list":["post-13775","post","type-post","status-publish","format-standard","has-post-thumbnail","hentry","category-ekonomi"],"_links":{"self":[{"href":"https:\/\/www.egemtv.com\/index.php?rest_route=\/wp\/v2\/posts\/13775","targetHints":{"allow":["GET"]}}],"collection":[{"href":"https:\/\/www.egemtv.com\/index.php?rest_route=\/wp\/v2\/posts"}],"about":[{"href":"https:\/\/www.egemtv.com\/index.php?rest_route=\/wp\/v2\/types\/post"}],"author":[{"embeddable":true,"href":"https:\/\/www.egemtv.com\/index.php?rest_route=\/wp\/v2\/users\/1"}],"replies":[{"embeddable":true,"href":"https:\/\/www.egemtv.com\/index.php?rest_route=%2Fwp%2Fv2%2Fcomments&post=13775"}],"version-history":[{"count":1,"href":"https:\/\/www.egemtv.com\/index.php?rest_route=\/wp\/v2\/posts\/13775\/revisions"}],"predecessor-version":[{"id":13777,"href":"https:\/\/www.egemtv.com\/index.php?rest_route=\/wp\/v2\/posts\/13775\/revisions\/13777"}],"wp:featuredmedia":[{"embeddable":true,"href":"https:\/\/www.egemtv.com\/index.php?rest_route=\/wp\/v2\/media\/13776"}],"wp:attachment":[{"href":"https:\/\/www.egemtv.com\/index.php?rest_route=%2Fwp%2Fv2%2Fmedia&parent=13775"}],"wp:term":[{"taxonomy":"category","embeddable":true,"href":"https:\/\/www.egemtv.com\/index.php?rest_route=%2Fwp%2Fv2%2Fcategories&post=13775"},{"taxonomy":"post_tag","embeddable":true,"href":"https:\/\/www.egemtv.com\/index.php?rest_route=%2Fwp%2Fv2%2Ftags&post=13775"}],"curies":[{"name":"wp","href":"https:\/\/api.w.org\/{rel}","templated":true}]}}