{"id":13772,"date":"2025-01-30T13:59:50","date_gmt":"2025-01-30T10:59:50","guid":{"rendered":"https:\/\/www.egemtv.com\/?p=13772"},"modified":"2025-01-30T13:59:53","modified_gmt":"2025-01-30T10:59:53","slug":"ozel-sektorden-sokak-hayvanlarinin-barinmasi-icin-kaymakamliga-destek","status":"publish","type":"post","link":"https:\/\/www.egemtv.com\/?p=13772","title":{"rendered":"\u00d6zel sekt\u00f6rden sokak hayvanlar\u0131n\u0131n bar\u0131nmas\u0131 i\u00e7in kaymakaml\u0131\u011fa destek"},"content":{"rendered":"<p>Afyonkarahisar\u2019\u0131n Emirda\u011f il\u00e7esinde bir geri d\u00f6n\u00fc\u015f\u00fcm firmas\u0131 sahipsiz k\u00f6peklerin korunmas\u0131 ve bar\u0131nd\u0131r\u0131lmas\u0131 amac\u0131yla kaymakaml\u0131\u011fa 50 adet k\u00f6pek kul\u00fcbesi hibe etti.<br \/>\n<br \/>Afyonkarahisar Valisi Do\u00e7. Dr. K\u00fcbra G\u00fcran Yi\u011fitba\u015f\u0131\u2019n\u0131n sokak k\u00f6pekleri ile ilgili verdi\u011fi talimat sonras\u0131 bir \u00e7ok il\u00e7ede oldu\u011fu gibi Emirda\u011f Kaymakaml\u0131\u011f\u0131 da harekete ge\u00e7ti. Konuyla ilgili \u00e7al\u0131ma ba\u015flatan kaymakaml\u0131\u011fa ilk destek ise il\u00e7edeki Organize Sanayi B\u00f6lgesi\u2019nde faaliyet g\u00f6steren bir firmadan geldi. Geri d\u00f6n\u00fc\u015f\u00fcm firmas\u0131 k\u00f6peklerin korunmas\u0131 ve bar\u0131nd\u0131r\u0131lmas\u0131 talimat\u0131na destek olmak amac\u0131yla bar\u0131naklara da\u011f\u0131t\u0131lmak \u00fczere kaymakaml\u0131\u011fa 50 adet k\u00f6pek kul\u00fcbesi hibe etti.<br \/><\/p>\n","protected":false},"excerpt":{"rendered":"<p>Afyonkarahisar\u2019\u0131n Emirda\u011f il\u00e7esinde bir geri d\u00f6n\u00fc\u015f\u00fcm firmas\u0131 sahipsiz k\u00f6peklerin korunmas\u0131 ve bar\u0131nd\u0131r\u0131lmas\u0131 amac\u0131yla kaymakaml\u0131\u011fa 50 adet k\u00f6pek kul\u00fcbesi hibe etti. Afyonkarahisar Valisi Do\u00e7. Dr. K\u00fcbra G\u00fcran Yi\u011fitba\u015f\u0131\u2019n\u0131n sokak k\u00f6pekleri ile ilgili verdi\u011fi talimat sonras\u0131 bir \u00e7ok il\u00e7ede oldu\u011fu gibi Emirda\u011f Kaymakaml\u0131\u011f\u0131 da harekete ge\u00e7ti. Konuyla ilgili \u00e7al\u0131ma ba\u015flatan kaymakaml\u0131\u011fa ilk destek ise il\u00e7edeki Organize Sanayi&#8230;<\/p>\n","protected":false},"author":1,"featured_media":13773,"comment_status":"open","ping_status":"open","sticky":false,"template":"","format":"standard","meta":{"_crdt_document":"","footnotes":""},"categories":[1],"tags":[],"class_list":["post-13772","post","type-post","status-publish","format-standard","has-post-thumbnail","hentry","category-guncel"],"_links":{"self":[{"href":"https:\/\/www.egemtv.com\/index.php?rest_route=\/wp\/v2\/posts\/13772","targetHints":{"allow":["GET"]}}],"collection":[{"href":"https:\/\/www.egemtv.com\/index.php?rest_route=\/wp\/v2\/posts"}],"about":[{"href":"https:\/\/www.egemtv.com\/index.php?rest_route=\/wp\/v2\/types\/post"}],"author":[{"embeddable":true,"href":"https:\/\/www.egemtv.com\/index.php?rest_route=\/wp\/v2\/users\/1"}],"replies":[{"embeddable":true,"href":"https:\/\/www.egemtv.com\/index.php?rest_route=%2Fwp%2Fv2%2Fcomments&post=13772"}],"version-history":[{"count":1,"href":"https:\/\/www.egemtv.com\/index.php?rest_route=\/wp\/v2\/posts\/13772\/revisions"}],"predecessor-version":[{"id":13774,"href":"https:\/\/www.egemtv.com\/index.php?rest_route=\/wp\/v2\/posts\/13772\/revisions\/13774"}],"wp:featuredmedia":[{"embeddable":true,"href":"https:\/\/www.egemtv.com\/index.php?rest_route=\/wp\/v2\/media\/13773"}],"wp:attachment":[{"href":"https:\/\/www.egemtv.com\/index.php?rest_route=%2Fwp%2Fv2%2Fmedia&parent=13772"}],"wp:term":[{"taxonomy":"category","embeddable":true,"href":"https:\/\/www.egemtv.com\/index.php?rest_route=%2Fwp%2Fv2%2Fcategories&post=13772"},{"taxonomy":"post_tag","embeddable":true,"href":"https:\/\/www.egemtv.com\/index.php?rest_route=%2Fwp%2Fv2%2Ftags&post=13772"}],"curies":[{"name":"wp","href":"https:\/\/api.w.org\/{rel}","templated":true}]}}