{"id":13769,"date":"2025-01-30T13:59:46","date_gmt":"2025-01-30T10:59:46","guid":{"rendered":"https:\/\/www.egemtv.com\/?p=13769"},"modified":"2025-01-30T13:59:50","modified_gmt":"2025-01-30T10:59:50","slug":"nazillide-cocuklarin-oyun-alanlari-dezenfekte-edilecek","status":"publish","type":"post","link":"https:\/\/www.egemtv.com\/?p=13769","title":{"rendered":"Nazilli\u2019de \u00e7ocuklar\u0131n oyun alanlar\u0131 dezenfekte edilecek"},"content":{"rendered":"<p>Nazilli Belediyesi Sa\u011fl\u0131k \u0130\u015fleri M\u00fcd\u00fcrl\u00fc\u011f\u00fc\u2019ne ba\u011fl\u0131 ekipler, \u00e7ocuklar\u0131n g\u00fcvenli ve sa\u011fl\u0131kl\u0131 bir ortamda vakit ge\u00e7irebilmesi i\u00e7in il\u00e7e genelindeki \u00e7ocuk oyun alanlar\u0131nda dezenfeksiyon \u00e7al\u0131\u015fmas\u0131 yapacak.<\/p>\n<p>Son y\u0131llarda yayg\u0131nla\u015fan el, ayak, a\u011f\u0131z hastal\u0131\u011f\u0131 gibi viral enfeksiyonlara kar\u015f\u0131 \u00f6nlem almak amac\u0131yla oyun parklar\u0131nda detayl\u0131 \u00e7al\u0131\u015fma yap\u0131lacak. \u00c7al\u0131\u015fmalar, 31 Ocak Cuma g\u00fcn\u00fc saat 14.30\u2019da ba\u015flayacak ve il\u00e7e genelindeki t\u00fcm oyun gruplar\u0131nda devam edecek. Belediye yetkilileri, Atat\u00fcrk ve 23 Nisan Park\u0131\u2019ndan ba\u015flayacak \u00e7al\u0131\u015fmalar s\u0131ras\u0131nda vatanda\u015flar\u0131n dikkatli olmalar\u0131 ve \u00e7ocuklar\u0131n oyun alanlar\u0131ndan uzak tutulmas\u0131 konusunda uyar\u0131da bulundu. Nazilli Belediye Ba\u015fkan\u0131 Dr. Ertu\u011frul Tetik, \u00e7ocuklar\u0131n sa\u011fl\u0131\u011f\u0131n\u0131 korumaya y\u00f6nelik bu t\u00fcr uygulamalar\u0131n d\u00fczenli olarak devam edece\u011fini kaydetti.<br \/><\/p>\n","protected":false},"excerpt":{"rendered":"<p>Nazilli Belediyesi Sa\u011fl\u0131k \u0130\u015fleri M\u00fcd\u00fcrl\u00fc\u011f\u00fc\u2019ne ba\u011fl\u0131 ekipler, \u00e7ocuklar\u0131n g\u00fcvenli ve sa\u011fl\u0131kl\u0131 bir ortamda vakit ge\u00e7irebilmesi i\u00e7in il\u00e7e genelindeki \u00e7ocuk oyun alanlar\u0131nda dezenfeksiyon \u00e7al\u0131\u015fmas\u0131 yapacak. Son y\u0131llarda yayg\u0131nla\u015fan el, ayak, a\u011f\u0131z hastal\u0131\u011f\u0131 gibi viral enfeksiyonlara kar\u015f\u0131 \u00f6nlem almak amac\u0131yla oyun parklar\u0131nda detayl\u0131 \u00e7al\u0131\u015fma yap\u0131lacak. \u00c7al\u0131\u015fmalar, 31 Ocak Cuma g\u00fcn\u00fc saat 14.30\u2019da ba\u015flayacak ve il\u00e7e genelindeki t\u00fcm&#8230;<\/p>\n","protected":false},"author":1,"featured_media":13770,"comment_status":"open","ping_status":"open","sticky":false,"template":"","format":"standard","meta":{"_crdt_document":"","footnotes":""},"categories":[1],"tags":[],"class_list":["post-13769","post","type-post","status-publish","format-standard","has-post-thumbnail","hentry","category-guncel"],"_links":{"self":[{"href":"https:\/\/www.egemtv.com\/index.php?rest_route=\/wp\/v2\/posts\/13769","targetHints":{"allow":["GET"]}}],"collection":[{"href":"https:\/\/www.egemtv.com\/index.php?rest_route=\/wp\/v2\/posts"}],"about":[{"href":"https:\/\/www.egemtv.com\/index.php?rest_route=\/wp\/v2\/types\/post"}],"author":[{"embeddable":true,"href":"https:\/\/www.egemtv.com\/index.php?rest_route=\/wp\/v2\/users\/1"}],"replies":[{"embeddable":true,"href":"https:\/\/www.egemtv.com\/index.php?rest_route=%2Fwp%2Fv2%2Fcomments&post=13769"}],"version-history":[{"count":1,"href":"https:\/\/www.egemtv.com\/index.php?rest_route=\/wp\/v2\/posts\/13769\/revisions"}],"predecessor-version":[{"id":13771,"href":"https:\/\/www.egemtv.com\/index.php?rest_route=\/wp\/v2\/posts\/13769\/revisions\/13771"}],"wp:featuredmedia":[{"embeddable":true,"href":"https:\/\/www.egemtv.com\/index.php?rest_route=\/wp\/v2\/media\/13770"}],"wp:attachment":[{"href":"https:\/\/www.egemtv.com\/index.php?rest_route=%2Fwp%2Fv2%2Fmedia&parent=13769"}],"wp:term":[{"taxonomy":"category","embeddable":true,"href":"https:\/\/www.egemtv.com\/index.php?rest_route=%2Fwp%2Fv2%2Fcategories&post=13769"},{"taxonomy":"post_tag","embeddable":true,"href":"https:\/\/www.egemtv.com\/index.php?rest_route=%2Fwp%2Fv2%2Ftags&post=13769"}],"curies":[{"name":"wp","href":"https:\/\/api.w.org\/{rel}","templated":true}]}}