{"id":13766,"date":"2025-01-30T13:31:43","date_gmt":"2025-01-30T10:31:43","guid":{"rendered":"https:\/\/www.egemtv.com\/?p=13766"},"modified":"2025-01-30T13:31:46","modified_gmt":"2025-01-30T10:31:46","slug":"aydinin-milli-meyvesi-kuru-incirde-4-aylik-ihracat-rakami-194-milyona-ulasti","status":"publish","type":"post","link":"https:\/\/www.egemtv.com\/?p=13766","title":{"rendered":"Ayd\u0131n\u2019\u0131n milli meyvesi kuru incirde 4 ayl\u0131k ihracat rakam\u0131 194 milyona ula\u015ft\u0131"},"content":{"rendered":"<p>Ayd\u0131n\u2019\u0131n milli meyvesi ve T\u00fcrkiye\u2019nin ihracatta prestij \u00fcr\u00fcnlerinden kuru incir 2024\/25 sezonunda dolar baz\u0131nda y\u00fczde 37 de\u011ferlendi\u011fi belirtildi.<\/p>\n<p>2023\/24 sezonunun ilk 4 ayl\u0131k d\u00f6neminde ortalama 4 bin 506 dolara ihra\u00e7 edilen kuru incir, 2024\/25 sezonunun 4 ayl\u0131k d\u00f6neminde dolar baz\u0131nda y\u00fczde 37\u2019lik s\u0131\u00e7ramayla 6 bin 162 dolarlar al\u0131c\u0131 buldu. T\u00fcrk ihracat\u00e7\u0131lar\u0131 4 ayl\u0131k d\u00f6neminde kuru incir ihracat\u0131n\u0131 y\u00fczde 31\u2019lik art\u0131\u015fla 148 milyon dolardan 194 milyon dolara \u00e7\u0131kard\u0131.<\/p>\n<p>K\u00fcresel iklim de\u011fi\u015fikli\u011fi neticesinde olumsuz hava \u015fartlar\u0131 nedeniyle kuru incir rekoltesinde 2024\/25 sezonunda y\u00fczde 15 d\u00fc\u015f\u00fc\u015fe ra\u011fmen kuru incir ihracat\u0131nda miktar baz\u0131ndaki d\u00fc\u015f\u00fc\u015f\u00fcn y\u00fczde 4 ile s\u0131n\u0131rl\u0131 kald\u0131\u011f\u0131 belirtildi. 25 Eyl\u00fcl 2024 tarihinde ba\u015flayan 2024\/25 kuru incir sezonunda 25 Ocak 2025 tarihine kadar T\u00fcrkiye\u2019nin, 31 bin 425 ton kuru incir ihra\u00e7 etti\u011fi belirtildi.  \u00d6nceki sezon kuru incir ihracat\u0131n\u0131n miktar baz\u0131nda 32 bin 796 ton olarak ger\u00e7ekle\u015fmi\u015fti.<\/p>\n<p>\u201cKuru incir en \u00e7ok Avrupa, Amerika ve Uzakdo\u011fu\u2019ya gidiyor\u201d<br \/>\n<br \/>Kuru incir ihracat\u0131nda en b\u00fcy\u00fck pay\u0131 12 bin 801 ton kar\u015f\u0131l\u0131\u011f\u0131 87,5 milyon dolarla Avrupa Birli\u011fi \u00fclkeleri ald\u0131. Amerika k\u0131tas\u0131na 7 bin 467 ton kuru incir ihrac\u0131 ile 40 milyon 170 bin dolarl\u0131k kuru incir ihra\u00e7 edildi\u011fi belirtildi.<\/p>\n<p>Uzakdo\u011fu \u00fclkelerine yap\u0131lan kuru incir ihracat\u0131n\u0131n ise; 3 bin 396 ton kar\u015f\u0131l\u0131\u011f\u0131 20 milyon 251 bin dolar olarak ger\u00e7ekle\u015fti\u011fi belirtildi.<\/p>\n<p>D\u00fcnya Sa\u011fl\u0131k \u00d6rg\u00fct\u00fc taraf\u0131ndan sa\u011fl\u0131kl\u0131 g\u0131dalar aras\u0131nda tan\u0131mlanan kuru incire d\u00fcnya genelinde talebin her ge\u00e7en y\u0131l daha da att\u0131\u011f\u0131 belirtilirken, incir \u00fcretiminde etkisi her ge\u00e7en g\u00fcn hissedilen olumsuz iklim \u015fartlar\u0131ndan dolay\u0131 olu\u015fabilen aflatoksin ve okratoksin bula\u015f\u0131kl\u0131\u011f\u0131n\u0131n \u00f6n\u00fcne ge\u00e7ebilmek i\u00e7in de \u00e7al\u0131\u015fmalar\u0131n devam etti\u011fi belirtildi.<\/p>\n<p>Ayd\u0131n ve civar\u0131nda yakla\u015f\u0131k 25 bin \u00e7ift\u00e7inin incir \u00fcretimi yapt\u0131\u011f\u0131 i\u015fletmelerde \u00e7al\u0131\u015fanlarla birlikte 40 bin ailenin ge\u00e7imini incirden sa\u011flad\u0131\u011f\u0131n\u0131 belirten Ayd\u0131n Ticaret Borsas\u0131 Ba\u015fkan\u0131 Fevzi \u00c7ondur, Ayd\u0131n\u2019\u0131n milli meyvesi incirin T\u00fcrkiye\u2019nin prestijli \u00fcr\u00fcnlerinden biri oldu\u011funu belirtti.<br \/><\/p>\n","protected":false},"excerpt":{"rendered":"<p>Ayd\u0131n\u2019\u0131n milli meyvesi ve T\u00fcrkiye\u2019nin ihracatta prestij \u00fcr\u00fcnlerinden kuru incir 2024\/25 sezonunda dolar baz\u0131nda y\u00fczde 37 de\u011ferlendi\u011fi belirtildi. 2023\/24 sezonunun ilk 4 ayl\u0131k d\u00f6neminde ortalama 4 bin 506 dolara ihra\u00e7 edilen kuru incir, 2024\/25 sezonunun 4 ayl\u0131k d\u00f6neminde dolar baz\u0131nda y\u00fczde 37\u2019lik s\u0131\u00e7ramayla 6 bin 162 dolarlar al\u0131c\u0131 buldu. T\u00fcrk ihracat\u00e7\u0131lar\u0131 4 ayl\u0131k d\u00f6neminde kuru&#8230;<\/p>\n","protected":false},"author":1,"featured_media":13767,"comment_status":"open","ping_status":"open","sticky":false,"template":"","format":"standard","meta":{"_crdt_document":"","footnotes":""},"categories":[125],"tags":[],"class_list":["post-13766","post","type-post","status-publish","format-standard","has-post-thumbnail","hentry","category-ekonomi"],"_links":{"self":[{"href":"https:\/\/www.egemtv.com\/index.php?rest_route=\/wp\/v2\/posts\/13766","targetHints":{"allow":["GET"]}}],"collection":[{"href":"https:\/\/www.egemtv.com\/index.php?rest_route=\/wp\/v2\/posts"}],"about":[{"href":"https:\/\/www.egemtv.com\/index.php?rest_route=\/wp\/v2\/types\/post"}],"author":[{"embeddable":true,"href":"https:\/\/www.egemtv.com\/index.php?rest_route=\/wp\/v2\/users\/1"}],"replies":[{"embeddable":true,"href":"https:\/\/www.egemtv.com\/index.php?rest_route=%2Fwp%2Fv2%2Fcomments&post=13766"}],"version-history":[{"count":1,"href":"https:\/\/www.egemtv.com\/index.php?rest_route=\/wp\/v2\/posts\/13766\/revisions"}],"predecessor-version":[{"id":13768,"href":"https:\/\/www.egemtv.com\/index.php?rest_route=\/wp\/v2\/posts\/13766\/revisions\/13768"}],"wp:featuredmedia":[{"embeddable":true,"href":"https:\/\/www.egemtv.com\/index.php?rest_route=\/wp\/v2\/media\/13767"}],"wp:attachment":[{"href":"https:\/\/www.egemtv.com\/index.php?rest_route=%2Fwp%2Fv2%2Fmedia&parent=13766"}],"wp:term":[{"taxonomy":"category","embeddable":true,"href":"https:\/\/www.egemtv.com\/index.php?rest_route=%2Fwp%2Fv2%2Fcategories&post=13766"},{"taxonomy":"post_tag","embeddable":true,"href":"https:\/\/www.egemtv.com\/index.php?rest_route=%2Fwp%2Fv2%2Ftags&post=13766"}],"curies":[{"name":"wp","href":"https:\/\/api.w.org\/{rel}","templated":true}]}}