{"id":13763,"date":"2025-01-30T13:22:20","date_gmt":"2025-01-30T10:22:20","guid":{"rendered":"https:\/\/www.egemtv.com\/?p=13763"},"modified":"2025-01-30T13:22:36","modified_gmt":"2025-01-30T10:22:36","slug":"uyusturucu-madde-etkisi-ile-arac-kullanan-sahis-jandarmaya-takildi","status":"publish","type":"post","link":"https:\/\/www.egemtv.com\/?p=13763","title":{"rendered":"Uyu\u015fturucu madde etkisi ile ara\u00e7 kullanan \u015fah\u0131s jandarmaya tak\u0131ld\u0131"},"content":{"rendered":"<p>Ayd\u0131n\u2019\u0131n Ku\u015fadas\u0131 il\u00e7esinde jandarma ekipleri taraf\u0131ndan ger\u00e7ekle\u015ftirilen uygulamada \u015f\u00fcphe \u00fczerine durdurulan ara\u00e7 s\u00fcr\u00fcc\u00fcs\u00fcn\u00fcn uyu\u015fturucu madde kulland\u0131\u011f\u0131 tespit edilirken, s\u00fcr\u00fcc\u00fcye 47 bin 842 TL idari para cezas\u0131 kesilip ehliyeti de 5 y\u0131l s\u00fcre ile geri al\u0131nd\u0131.<\/p>\n<p>Ayd\u0131n\u2019da jandarma ekipleri vatanda\u015flar\u0131n huzur ve g\u00fcvenli\u011finin sa\u011flanmas\u0131 i\u00e7in \u00e7al\u0131\u015fmalar\u0131n\u0131 aral\u0131ks\u0131z s\u00fcrd\u00fcr\u00fcyor. Edinilen bilgiye g\u00f6re, Ku\u015fadas\u0131 \u0130l\u00e7e Jandarma Komutanl\u0131\u011f\u0131 taraf\u0131ndan G\u00fczel\u00e7aml\u0131 Mahallesi\u2019nde uyu\u015fturucu ve uyar\u0131c\u0131 madde sat\u0131c\u0131lar\u0131 ve kullan\u0131c\u0131lar\u0131na y\u00f6nelik faaliyet kapsam\u0131nda \u015fok yol kontrol ve emniyeti uygulamas\u0131 esnas\u0131nda \u015f\u00fcphe \u00fczerine bir ara\u00e7 durduruldu. C.K. isimli \u015f\u00fcpheli \u015fahs\u0131n kullanm\u0131\u015f oldu\u011fu ara\u00e7ta yap\u0131lan aramalarda; 7 gram metamfetamin, 1 adet uyu\u015fturucu kullanma aparat\u0131 ve 3 adet uyu\u015fturucu hap ge\u00e7irildi. G\u00f6zalt\u0131na al\u0131nan s\u00fcr\u00fcc\u00fcn\u00fcn sa\u011fl\u0131k kurumunda yap\u0131lan testinde uyu\u015fturucu madde kulland\u0131\u011f\u0131 tespit edildi. S\u00fcr\u00fcc\u00fcye trafik jandarmas\u0131 taraf\u0131ndan 47 bin 842 TL trafik idari para cezas\u0131 uygulanarak ehliyeti 5 y\u0131l s\u00fcre ile geri al\u0131nd\u0131.<br \/><\/p>\n","protected":false},"excerpt":{"rendered":"<p>Ayd\u0131n\u2019\u0131n Ku\u015fadas\u0131 il\u00e7esinde jandarma ekipleri taraf\u0131ndan ger\u00e7ekle\u015ftirilen uygulamada \u015f\u00fcphe \u00fczerine durdurulan ara\u00e7 s\u00fcr\u00fcc\u00fcs\u00fcn\u00fcn uyu\u015fturucu madde kulland\u0131\u011f\u0131 tespit edilirken, s\u00fcr\u00fcc\u00fcye 47 bin 842 TL idari para cezas\u0131 kesilip ehliyeti de 5 y\u0131l s\u00fcre ile geri al\u0131nd\u0131. Ayd\u0131n\u2019da jandarma ekipleri vatanda\u015flar\u0131n huzur ve g\u00fcvenli\u011finin sa\u011flanmas\u0131 i\u00e7in \u00e7al\u0131\u015fmalar\u0131n\u0131 aral\u0131ks\u0131z s\u00fcrd\u00fcr\u00fcyor. Edinilen bilgiye g\u00f6re, Ku\u015fadas\u0131 \u0130l\u00e7e Jandarma Komutanl\u0131\u011f\u0131 taraf\u0131ndan&#8230;<\/p>\n","protected":false},"author":1,"featured_media":13764,"comment_status":"open","ping_status":"open","sticky":false,"template":"","format":"standard","meta":{"_crdt_document":"","footnotes":""},"categories":[5],"tags":[],"class_list":["post-13763","post","type-post","status-publish","format-standard","has-post-thumbnail","hentry","category-asayis"],"_links":{"self":[{"href":"https:\/\/www.egemtv.com\/index.php?rest_route=\/wp\/v2\/posts\/13763","targetHints":{"allow":["GET"]}}],"collection":[{"href":"https:\/\/www.egemtv.com\/index.php?rest_route=\/wp\/v2\/posts"}],"about":[{"href":"https:\/\/www.egemtv.com\/index.php?rest_route=\/wp\/v2\/types\/post"}],"author":[{"embeddable":true,"href":"https:\/\/www.egemtv.com\/index.php?rest_route=\/wp\/v2\/users\/1"}],"replies":[{"embeddable":true,"href":"https:\/\/www.egemtv.com\/index.php?rest_route=%2Fwp%2Fv2%2Fcomments&post=13763"}],"version-history":[{"count":1,"href":"https:\/\/www.egemtv.com\/index.php?rest_route=\/wp\/v2\/posts\/13763\/revisions"}],"predecessor-version":[{"id":13765,"href":"https:\/\/www.egemtv.com\/index.php?rest_route=\/wp\/v2\/posts\/13763\/revisions\/13765"}],"wp:featuredmedia":[{"embeddable":true,"href":"https:\/\/www.egemtv.com\/index.php?rest_route=\/wp\/v2\/media\/13764"}],"wp:attachment":[{"href":"https:\/\/www.egemtv.com\/index.php?rest_route=%2Fwp%2Fv2%2Fmedia&parent=13763"}],"wp:term":[{"taxonomy":"category","embeddable":true,"href":"https:\/\/www.egemtv.com\/index.php?rest_route=%2Fwp%2Fv2%2Fcategories&post=13763"},{"taxonomy":"post_tag","embeddable":true,"href":"https:\/\/www.egemtv.com\/index.php?rest_route=%2Fwp%2Fv2%2Ftags&post=13763"}],"curies":[{"name":"wp","href":"https:\/\/api.w.org\/{rel}","templated":true}]}}