{"id":13759,"date":"2025-01-30T13:13:19","date_gmt":"2025-01-30T10:13:19","guid":{"rendered":"https:\/\/www.egemtv.com\/?p=13759"},"modified":"2025-01-30T13:13:21","modified_gmt":"2025-01-30T10:13:21","slug":"yurdunuseven-cezaevinde-bir-tek-sari-basin-karti-hukumlusu-var-o-da-adli-suclardan-tutuklu","status":"publish","type":"post","link":"https:\/\/www.egemtv.com\/?p=13759","title":{"rendered":"Yurdunuseven: \u201cCezaevinde bir tek sar\u0131 bas\u0131n kart\u0131 h\u00fck\u00fcml\u00fcs\u00fc var, o da adli su\u00e7lardan tutuklu\u201d"},"content":{"rendered":"<p>AK Parti Afyonkarahisar Milletvekili H\u00fck\u00fcml\u00fc ve Tutuklu Haklar\u0131n\u0131 \u0130nceleme Komisyonu Ba\u015fkan\u0131 Av. \u0130brahim Yurdunuseven, g\u00fcndemdeki s\u0131cakl\u0131\u011f\u0131n\u0131 koruyan gazetecilerin g\u00f6zalt\u0131na al\u0131nmas\u0131 olay\u0131yla ilgili, \u201cBuna g\u00f6re neredeyse bas\u0131n \u00e7al\u0131\u015fanlar\u0131ndan gazeteci olarak h\u00fck\u00fcml\u00fc bulunan cezaevlerimizde hi\u00e7 kimse bulunmamaktad\u0131r. Ancak bir tek sar\u0131 bas\u0131n kart\u0131 h\u00fck\u00fcml\u00fcs\u00fc var, o da adli su\u00e7lardan tutuklu\u201d dedi.<br \/>\n<br \/>Yurdunuseven, CHP Grubu\u2019nun \u00f6nergesi \u00fczerine AK Parti Grubu ad\u0131na TBMM Genel Kurulu\u2019nda konu\u015fma yapt\u0131. Yurdunuseven, bir kimsenin gazeteci olmas\u0131n\u0131n su\u00e7 i\u015flemeyi me\u015fru k\u0131lmayaca\u011f\u0131n\u0131 vurgulad\u0131. Yurdunuseven, baz\u0131lar\u0131n\u0131n gazetecilik s\u0131fat\u0131 kullanarak ter\u00f6re destek ve adli su\u00e7lardan h\u00fck\u00fcm giydi\u011fini belirterek cezaevinde sar\u0131 bas\u0131n kartl\u0131 sadece bir ki\u015finin tutuklu bulundu\u011funu onun da adli su\u00e7lardan h\u00fck\u00fcm giydi\u011fini vurgulad\u0131. Yurdunuseven, \u201cBizler de halk\u0131n haber alma hakk\u0131 ad\u0131na m\u00fccadele eden, ger\u00e7ekleri yaln\u0131zca ger\u00e7ekleri vatanda\u015f\u0131m\u0131za ula\u015ft\u0131rmaya \u00e7al\u0131\u015fan ve yaz-k\u0131\u015f, so\u011fuk-s\u0131cak demeden t\u00fcm zorluklara ra\u011fmen g\u00f6revini s\u00fcrd\u00fcrme kararl\u0131l\u0131\u011f\u0131nda olan gazetecilerin yan\u0131nda ve destek\u00e7isiyiz. Bir ki\u015fiyi bas\u0131n \u00e7al\u0131\u015fan\u0131 olarak nitelendirebilmemiz i\u00e7in; baz\u0131 kurulu\u015flar taraf\u0131ndan yay\u0131nlanan listelerde ad\u0131 bas\u0131n \u00e7al\u0131\u015fan\u0131 olarak ge\u00e7mesi yeterli de\u011fildir.  Sosyal G\u00fcvenlik Kurumunda kay\u0131tl\u0131 meslekleri, Cumhurba\u015fkanl\u0131\u011f\u0131 \u0130leti\u015fim Ba\u015fkanl\u0131\u011f\u0131 kay\u0131tlar\u0131na g\u00f6re bas\u0131n kart\u0131 sahibi olmas\u0131 gerekmektedir. H\u00fck\u00fcml\u00fc tutuklulardan al\u0131nan yaz\u0131l\u0131 beyanlar incelendi\u011finde, baz\u0131 h\u00fck\u00fcml\u00fc ve tutuklular\u0131n bas\u0131n faaliyetine ili\u015fkin somut hi\u00e7bir bilgi bulunamad\u0131\u011f\u0131, baz\u0131 h\u00fck\u00fcml\u00fc ve tutuklular\u0131n ise \u00e7e\u015fitli kurulu\u015flar taraf\u0131ndan yay\u0131nlanan listelerde ad\u0131 ge\u00e7ti\u011fi ve kamuoyunda bas\u0131n \u00e7al\u0131\u015fan\u0131 olarak bilinmesine ra\u011fmen meslek beyan\u0131nda bas\u0131n \u00e7al\u0131\u015fan\u0131 oldu\u011funu beyan etmedi\u011fi g\u00f6r\u00fclm\u00fc\u015ft\u00fcr. Buna g\u00f6re neredeyse bas\u0131n \u00e7al\u0131\u015fanlar\u0131ndan gazeteci olarak h\u00fck\u00fcml\u00fc bulunan cezaevlerimizde hi\u00e7 kimse bulunmamaktad\u0131r. Ancak bir tek sar\u0131 bas\u0131n kart\u0131 h\u00fck\u00fcml\u00fcs\u00fc var o da adli su\u00e7lardan tutuklu. Baz\u0131lar\u0131nda ba\u011f\u0131ms\u0131z gazeteci, s\u0131n\u0131r tan\u0131mayan gazeteci, internet gazetesi gibi sar\u0131 bas\u0131n kart\u0131 olmadan gazeteci s\u0131fat\u0131 kullanarak ter\u00f6re destek veya adli su\u00e7lardan h\u00fck\u00fcm giymi\u015f ki\u015filerdir\u201d diye konu\u015ftu.<br \/><\/p>\n","protected":false},"excerpt":{"rendered":"<p>AK Parti Afyonkarahisar Milletvekili H\u00fck\u00fcml\u00fc ve Tutuklu Haklar\u0131n\u0131 \u0130nceleme Komisyonu Ba\u015fkan\u0131 Av. \u0130brahim Yurdunuseven, g\u00fcndemdeki s\u0131cakl\u0131\u011f\u0131n\u0131 koruyan gazetecilerin g\u00f6zalt\u0131na al\u0131nmas\u0131 olay\u0131yla ilgili, \u201cBuna g\u00f6re neredeyse bas\u0131n \u00e7al\u0131\u015fanlar\u0131ndan gazeteci olarak h\u00fck\u00fcml\u00fc bulunan cezaevlerimizde hi\u00e7 kimse bulunmamaktad\u0131r. Ancak bir tek sar\u0131 bas\u0131n kart\u0131 h\u00fck\u00fcml\u00fcs\u00fc var, o da adli su\u00e7lardan tutuklu\u201d dedi. Yurdunuseven, CHP Grubu\u2019nun \u00f6nergesi \u00fczerine AK&#8230;<\/p>\n","protected":false},"author":1,"featured_media":13760,"comment_status":"open","ping_status":"open","sticky":false,"template":"","format":"standard","meta":{"_crdt_document":"","footnotes":""},"categories":[127],"tags":[],"class_list":["post-13759","post","type-post","status-publish","format-standard","has-post-thumbnail","hentry","category-siyaset"],"_links":{"self":[{"href":"https:\/\/www.egemtv.com\/index.php?rest_route=\/wp\/v2\/posts\/13759","targetHints":{"allow":["GET"]}}],"collection":[{"href":"https:\/\/www.egemtv.com\/index.php?rest_route=\/wp\/v2\/posts"}],"about":[{"href":"https:\/\/www.egemtv.com\/index.php?rest_route=\/wp\/v2\/types\/post"}],"author":[{"embeddable":true,"href":"https:\/\/www.egemtv.com\/index.php?rest_route=\/wp\/v2\/users\/1"}],"replies":[{"embeddable":true,"href":"https:\/\/www.egemtv.com\/index.php?rest_route=%2Fwp%2Fv2%2Fcomments&post=13759"}],"version-history":[{"count":1,"href":"https:\/\/www.egemtv.com\/index.php?rest_route=\/wp\/v2\/posts\/13759\/revisions"}],"predecessor-version":[{"id":13761,"href":"https:\/\/www.egemtv.com\/index.php?rest_route=\/wp\/v2\/posts\/13759\/revisions\/13761"}],"wp:featuredmedia":[{"embeddable":true,"href":"https:\/\/www.egemtv.com\/index.php?rest_route=\/wp\/v2\/media\/13760"}],"wp:attachment":[{"href":"https:\/\/www.egemtv.com\/index.php?rest_route=%2Fwp%2Fv2%2Fmedia&parent=13759"}],"wp:term":[{"taxonomy":"category","embeddable":true,"href":"https:\/\/www.egemtv.com\/index.php?rest_route=%2Fwp%2Fv2%2Fcategories&post=13759"},{"taxonomy":"post_tag","embeddable":true,"href":"https:\/\/www.egemtv.com\/index.php?rest_route=%2Fwp%2Fv2%2Ftags&post=13759"}],"curies":[{"name":"wp","href":"https:\/\/api.w.org\/{rel}","templated":true}]}}