{"id":13756,"date":"2025-01-30T13:08:18","date_gmt":"2025-01-30T10:08:18","guid":{"rendered":"https:\/\/www.egemtv.com\/?p=13756"},"modified":"2025-01-30T13:08:20","modified_gmt":"2025-01-30T10:08:20","slug":"durdurulan-aracta-4-duzensiz-gocmen-yakalandi","status":"publish","type":"post","link":"https:\/\/www.egemtv.com\/?p=13756","title":{"rendered":"Durdurulan ara\u00e7ta 4 d\u00fczensiz g\u00f6\u00e7men yakaland\u0131"},"content":{"rendered":"<p>Ayd\u0131n\u2019\u0131n Germencik il\u00e7esinde yap\u0131lan kontrol faaliyetinde \u015f\u00fcphe \u00fczerine durdurulan ara\u00e7ta 4 d\u00fczensiz g\u00f6\u00e7men yakaland\u0131.<\/p>\n<p>Ayd\u0131n \u0130l Jandarma Komutanl\u0131\u011f\u0131 G\u00f6\u00e7men Ka\u00e7ak\u00e7\u0131l\u0131\u011f\u0131 ve \u0130nsan Ticareti ile M\u00fccadele Dairesi (GK\u0130T) \u015eube M\u00fcd\u00fcrl\u00fc\u011f\u00fc ve H\u0131d\u0131rbeyli Otoyol Jandarma Karakol Komutanl\u0131\u011f\u0131\u2019nca ortak \u00e7al\u0131\u015fma ger\u00e7ekle\u015ftirildi. Koordineli faaliyette Germencik Gi\u015feleri Yol Kontrol Noktas\u0131\u2019nda durdurulan bir ara\u00e7ta yap\u0131lan kontrolde 4 d\u00fczensiz g\u00f6\u00e7men yakaland\u0131. Ara\u00e7 s\u00fcr\u00fcc\u00fcs\u00fcne 13 bin 090 TL, d\u00fczensiz g\u00f6\u00e7menlere ise toplam 36 bin 988 TL olmak \u00fczere toplam 50 bin 078 TL idari para cezas\u0131 uyguland\u0131. D\u00fczensiz g\u00f6\u00e7menler D\u00fczensiz G\u00f6\u00e7men \u00d6n Kabul ve Sevk Merkezi\u2019ne (G\u00d6KSEM) teslim edildi.<br \/><\/p>\n","protected":false},"excerpt":{"rendered":"<p>Ayd\u0131n\u2019\u0131n Germencik il\u00e7esinde yap\u0131lan kontrol faaliyetinde \u015f\u00fcphe \u00fczerine durdurulan ara\u00e7ta 4 d\u00fczensiz g\u00f6\u00e7men yakaland\u0131. Ayd\u0131n \u0130l Jandarma Komutanl\u0131\u011f\u0131 G\u00f6\u00e7men Ka\u00e7ak\u00e7\u0131l\u0131\u011f\u0131 ve \u0130nsan Ticareti ile M\u00fccadele Dairesi (GK\u0130T) \u015eube M\u00fcd\u00fcrl\u00fc\u011f\u00fc ve H\u0131d\u0131rbeyli Otoyol Jandarma Karakol Komutanl\u0131\u011f\u0131\u2019nca ortak \u00e7al\u0131\u015fma ger\u00e7ekle\u015ftirildi. Koordineli faaliyette Germencik Gi\u015feleri Yol Kontrol Noktas\u0131\u2019nda durdurulan bir ara\u00e7ta yap\u0131lan kontrolde 4 d\u00fczensiz g\u00f6\u00e7men yakaland\u0131. Ara\u00e7&#8230;<\/p>\n","protected":false},"author":1,"featured_media":13757,"comment_status":"open","ping_status":"open","sticky":false,"template":"","format":"standard","meta":{"_crdt_document":"","footnotes":""},"categories":[5],"tags":[],"class_list":["post-13756","post","type-post","status-publish","format-standard","has-post-thumbnail","hentry","category-asayis"],"_links":{"self":[{"href":"https:\/\/www.egemtv.com\/index.php?rest_route=\/wp\/v2\/posts\/13756","targetHints":{"allow":["GET"]}}],"collection":[{"href":"https:\/\/www.egemtv.com\/index.php?rest_route=\/wp\/v2\/posts"}],"about":[{"href":"https:\/\/www.egemtv.com\/index.php?rest_route=\/wp\/v2\/types\/post"}],"author":[{"embeddable":true,"href":"https:\/\/www.egemtv.com\/index.php?rest_route=\/wp\/v2\/users\/1"}],"replies":[{"embeddable":true,"href":"https:\/\/www.egemtv.com\/index.php?rest_route=%2Fwp%2Fv2%2Fcomments&post=13756"}],"version-history":[{"count":1,"href":"https:\/\/www.egemtv.com\/index.php?rest_route=\/wp\/v2\/posts\/13756\/revisions"}],"predecessor-version":[{"id":13758,"href":"https:\/\/www.egemtv.com\/index.php?rest_route=\/wp\/v2\/posts\/13756\/revisions\/13758"}],"wp:featuredmedia":[{"embeddable":true,"href":"https:\/\/www.egemtv.com\/index.php?rest_route=\/wp\/v2\/media\/13757"}],"wp:attachment":[{"href":"https:\/\/www.egemtv.com\/index.php?rest_route=%2Fwp%2Fv2%2Fmedia&parent=13756"}],"wp:term":[{"taxonomy":"category","embeddable":true,"href":"https:\/\/www.egemtv.com\/index.php?rest_route=%2Fwp%2Fv2%2Fcategories&post=13756"},{"taxonomy":"post_tag","embeddable":true,"href":"https:\/\/www.egemtv.com\/index.php?rest_route=%2Fwp%2Fv2%2Ftags&post=13756"}],"curies":[{"name":"wp","href":"https:\/\/api.w.org\/{rel}","templated":true}]}}