{"id":13749,"date":"2025-01-30T13:04:43","date_gmt":"2025-01-30T10:04:43","guid":{"rendered":"https:\/\/www.egemtv.com\/?p=13749"},"modified":"2025-01-30T13:04:48","modified_gmt":"2025-01-30T10:04:48","slug":"piyasa-degeri-4-milyon-tl-taklit-banyo-havlusu-yakalandi","status":"publish","type":"post","link":"https:\/\/www.egemtv.com\/?p=13749","title":{"rendered":"Piyasa de\u011feri 4 milyon TL taklit banyo havlusu yakaland\u0131"},"content":{"rendered":"<p>Piyasa de\u011feri 4 milyon TL olan taklit banyo havlular\u0131n\u0131 Denizli\u2019den Ayd\u0131n\u2019a getiren 3 \u015f\u00fcpheli, jandarman\u0131n dikkatinden ka\u00e7amad\u0131.<\/p>\n<p>Ayd\u0131n \u0130l Jandarma Komutanl\u0131\u011f\u0131 KOM \u015eube M\u00fcd\u00fcrl\u00fc\u011f\u00fc ve Karacasu \u0130l\u00e7e Jandarma Komutanl\u0131\u011f\u0131 ekiplerince ka\u00e7ak\u00e7\u0131l\u0131k ve taklit, ta\u011f\u015fi\u015f \u00fcr\u00fcnlerin tespitine y\u00f6nelik koordineli \u00e7al\u0131\u015fma ger\u00e7ekle\u015ftirildi. Edinilen bilgiye g\u00f6re A.A., M.\u00d6. ve A.A. isimli 3 \u015fah\u0131s, Denizli\u2019den getirdikleri taklit tekstil \u00fcr\u00fcnlerini Ayd\u0131n\u2019\u0131n Karacasu il\u00e7esinde pazarlamak istedi. Yap\u0131lan \u00e7al\u0131\u015fma sonucunda jandarma ekipleri, kapal\u0131 kasa ticari arac\u0131, Yenice Mahallesi\u2019nde durdurdu. Ara\u00e7ta yap\u0131lan kontrolde \u00e7uvallar i\u00e7erisinde piyasa de\u011feri yakla\u015f\u0131k 4 milyon TL olan bin 728 adet taklit banyo havlusu ele ge\u00e7irildi. Yakalanarak g\u00f6zalt\u0131na al\u0131nan \u015f\u00fcpheli \u015fah\u0131slar hakk\u0131nda ba\u015flat\u0131lan adli s\u00fcrecin devam etti\u011fi \u00f6\u011frenildi.<br \/><\/p>\n","protected":false},"excerpt":{"rendered":"<p>Piyasa de\u011feri 4 milyon TL olan taklit banyo havlular\u0131n\u0131 Denizli\u2019den Ayd\u0131n\u2019a getiren 3 \u015f\u00fcpheli, jandarman\u0131n dikkatinden ka\u00e7amad\u0131. Ayd\u0131n \u0130l Jandarma Komutanl\u0131\u011f\u0131 KOM \u015eube M\u00fcd\u00fcrl\u00fc\u011f\u00fc ve Karacasu \u0130l\u00e7e Jandarma Komutanl\u0131\u011f\u0131 ekiplerince ka\u00e7ak\u00e7\u0131l\u0131k ve taklit, ta\u011f\u015fi\u015f \u00fcr\u00fcnlerin tespitine y\u00f6nelik koordineli \u00e7al\u0131\u015fma ger\u00e7ekle\u015ftirildi. Edinilen bilgiye g\u00f6re A.A., M.\u00d6. ve A.A. isimli 3 \u015fah\u0131s, Denizli\u2019den getirdikleri taklit tekstil \u00fcr\u00fcnlerini&#8230;<\/p>\n","protected":false},"author":1,"featured_media":13750,"comment_status":"open","ping_status":"open","sticky":false,"template":"","format":"standard","meta":{"_crdt_document":"","footnotes":""},"categories":[5],"tags":[],"class_list":["post-13749","post","type-post","status-publish","format-standard","has-post-thumbnail","hentry","category-asayis"],"_links":{"self":[{"href":"https:\/\/www.egemtv.com\/index.php?rest_route=\/wp\/v2\/posts\/13749","targetHints":{"allow":["GET"]}}],"collection":[{"href":"https:\/\/www.egemtv.com\/index.php?rest_route=\/wp\/v2\/posts"}],"about":[{"href":"https:\/\/www.egemtv.com\/index.php?rest_route=\/wp\/v2\/types\/post"}],"author":[{"embeddable":true,"href":"https:\/\/www.egemtv.com\/index.php?rest_route=\/wp\/v2\/users\/1"}],"replies":[{"embeddable":true,"href":"https:\/\/www.egemtv.com\/index.php?rest_route=%2Fwp%2Fv2%2Fcomments&post=13749"}],"version-history":[{"count":1,"href":"https:\/\/www.egemtv.com\/index.php?rest_route=\/wp\/v2\/posts\/13749\/revisions"}],"predecessor-version":[{"id":13754,"href":"https:\/\/www.egemtv.com\/index.php?rest_route=\/wp\/v2\/posts\/13749\/revisions\/13754"}],"wp:featuredmedia":[{"embeddable":true,"href":"https:\/\/www.egemtv.com\/index.php?rest_route=\/wp\/v2\/media\/13750"}],"wp:attachment":[{"href":"https:\/\/www.egemtv.com\/index.php?rest_route=%2Fwp%2Fv2%2Fmedia&parent=13749"}],"wp:term":[{"taxonomy":"category","embeddable":true,"href":"https:\/\/www.egemtv.com\/index.php?rest_route=%2Fwp%2Fv2%2Fcategories&post=13749"},{"taxonomy":"post_tag","embeddable":true,"href":"https:\/\/www.egemtv.com\/index.php?rest_route=%2Fwp%2Fv2%2Ftags&post=13749"}],"curies":[{"name":"wp","href":"https:\/\/api.w.org\/{rel}","templated":true}]}}