{"id":13739,"date":"2025-01-30T13:04:37","date_gmt":"2025-01-30T10:04:37","guid":{"rendered":"https:\/\/www.egemtv.com\/?p=13739"},"modified":"2025-01-30T13:04:40","modified_gmt":"2025-01-30T10:04:40","slug":"yarali-baykus-jandarma-ekiplerince-kurtarildi-2","status":"publish","type":"post","link":"https:\/\/www.egemtv.com\/?p=13739","title":{"rendered":"Yaral\u0131 bayku\u015f jandarma ekiplerince kurtar\u0131ld\u0131"},"content":{"rendered":"<p>Ayd\u0131n\u2019\u0131n \u00c7ine il\u00e7esinde jandarma ekipleri taraf\u0131ndan yaral\u0131 ve halsiz halde bulunan \u2019pe\u00e7eli\u2019 cinsi bayku\u015f koruma alt\u0131na al\u0131narak Do\u011fa Koruma ve Milli Parklar M\u00fcd\u00fcrl\u00fc\u011f\u00fc (DKMP) ekiplerine teslim edildi.<\/p>\n<p>Edinilen bilgiye g\u00f6re, \u00c7evre Do\u011fa ve Hayvanlar\u0131 Koruma Tim Komutanl\u0131\u011f\u0131 taraf\u0131ndan Dereli Mahallesi\u2019nde u\u00e7amayacak kadar yaral\u0131 ve halsiz halde bulunan \u2019pe\u00e7eli\u2019 cinsi bayku\u015f tedavi ve rehabilite edilerek tekrardan do\u011fal ya\u015fam alan\u0131na b\u0131rak\u0131lmas\u0131 i\u00e7in Do\u011fa Koruma ve Milli Parklar M\u00fcd\u00fcrl\u00fc\u011f\u00fc ekiplerine teslim edildi.<br \/><\/p>\n","protected":false},"excerpt":{"rendered":"<p>Ayd\u0131n\u2019\u0131n \u00c7ine il\u00e7esinde jandarma ekipleri taraf\u0131ndan yaral\u0131 ve halsiz halde bulunan \u2019pe\u00e7eli\u2019 cinsi bayku\u015f koruma alt\u0131na al\u0131narak Do\u011fa Koruma ve Milli Parklar M\u00fcd\u00fcrl\u00fc\u011f\u00fc (DKMP) ekiplerine teslim edildi. Edinilen bilgiye g\u00f6re, \u00c7evre Do\u011fa ve Hayvanlar\u0131 Koruma Tim Komutanl\u0131\u011f\u0131 taraf\u0131ndan Dereli Mahallesi\u2019nde u\u00e7amayacak kadar yaral\u0131 ve halsiz halde bulunan \u2019pe\u00e7eli\u2019 cinsi bayku\u015f tedavi ve rehabilite edilerek tekrardan&#8230;<\/p>\n","protected":false},"author":1,"featured_media":13741,"comment_status":"open","ping_status":"open","sticky":false,"template":"","format":"standard","meta":{"_crdt_document":"","footnotes":""},"categories":[1],"tags":[],"class_list":["post-13739","post","type-post","status-publish","format-standard","has-post-thumbnail","hentry","category-guncel"],"_links":{"self":[{"href":"https:\/\/www.egemtv.com\/index.php?rest_route=\/wp\/v2\/posts\/13739","targetHints":{"allow":["GET"]}}],"collection":[{"href":"https:\/\/www.egemtv.com\/index.php?rest_route=\/wp\/v2\/posts"}],"about":[{"href":"https:\/\/www.egemtv.com\/index.php?rest_route=\/wp\/v2\/types\/post"}],"author":[{"embeddable":true,"href":"https:\/\/www.egemtv.com\/index.php?rest_route=\/wp\/v2\/users\/1"}],"replies":[{"embeddable":true,"href":"https:\/\/www.egemtv.com\/index.php?rest_route=%2Fwp%2Fv2%2Fcomments&post=13739"}],"version-history":[{"count":1,"href":"https:\/\/www.egemtv.com\/index.php?rest_route=\/wp\/v2\/posts\/13739\/revisions"}],"predecessor-version":[{"id":13744,"href":"https:\/\/www.egemtv.com\/index.php?rest_route=\/wp\/v2\/posts\/13739\/revisions\/13744"}],"wp:featuredmedia":[{"embeddable":true,"href":"https:\/\/www.egemtv.com\/index.php?rest_route=\/wp\/v2\/media\/13741"}],"wp:attachment":[{"href":"https:\/\/www.egemtv.com\/index.php?rest_route=%2Fwp%2Fv2%2Fmedia&parent=13739"}],"wp:term":[{"taxonomy":"category","embeddable":true,"href":"https:\/\/www.egemtv.com\/index.php?rest_route=%2Fwp%2Fv2%2Fcategories&post=13739"},{"taxonomy":"post_tag","embeddable":true,"href":"https:\/\/www.egemtv.com\/index.php?rest_route=%2Fwp%2Fv2%2Ftags&post=13739"}],"curies":[{"name":"wp","href":"https:\/\/api.w.org\/{rel}","templated":true}]}}