{"id":13729,"date":"2025-01-30T12:55:52","date_gmt":"2025-01-30T09:55:52","guid":{"rendered":"https:\/\/www.egemtv.com\/?p=13729"},"modified":"2025-01-30T12:55:56","modified_gmt":"2025-01-30T09:55:56","slug":"izmirde-kacak-akaryakit-operasyonu","status":"publish","type":"post","link":"https:\/\/www.egemtv.com\/?p=13729","title":{"rendered":"\u0130zmir\u2019de ka\u00e7ak akaryak\u0131t operasyonu"},"content":{"rendered":"<p>\u0130zmir\u2019in Ka\u00e7ak\u00e7\u0131l\u0131k Su\u00e7lar\u0131yla M\u00fccadele \u015eube M\u00fcd\u00fcrl\u00fc\u011f\u00fc ekipleri, Torbal\u0131 il\u00e7esinde d\u00fczenlenen operasyonda piyasa de\u011feri 10 milyon lira olan 250 ton ka\u00e7ak at\u0131k ya\u011f, toplama ya\u011f ve kar\u0131\u015f\u0131ml\u0131 akaryak\u0131t ele ge\u00e7irdi.<br \/>\n<br \/>Torbal\u0131 Cumhuriyet Ba\u015fsavc\u0131l\u0131\u011f\u0131 koordinesinde Ka\u00e7ak\u00e7\u0131l\u0131k Su\u00e7lar\u0131yla M\u00fccadele \u015eube M\u00fcd\u00fcrl\u00fc\u011f\u00fc ekipleri, ka\u00e7ak at\u0131k ya\u011f, toplama ya\u011f ve kar\u0131\u015f\u0131ml\u0131 akaryak\u0131t \u00fcr\u00fcnlerinin \u00fcretim ve ticaretini \u00f6nlemeye y\u00f6nelik yap\u0131lan teknik ve fiziki \u00e7al\u0131\u015fmalar sonucu Torbal\u0131\u2019da belirlenen bir adrese operasyon d\u00fczenledi. Depo i\u00e7erisinde yap\u0131lan aramalarda piyasa de\u011feri yakla\u015f\u0131k 10 milyon TL olan plastik ve metal tanklar i\u00e7erisinde 250 ton kar\u0131\u015f\u0131ml\u0131 akaryak\u0131t ele ge\u00e7irildi. Olayla ilgili olarak yakalanan 3 \u015f\u00fcpheli \u015fah\u0131s hakk\u0131nda adli i\u015flem yap\u0131ld\u0131.<br \/>\n<br \/>\u0130zmir Polisi olarak, akaryak\u0131t ka\u00e7ak\u00e7\u0131l\u0131\u011f\u0131 yaparak devleti b\u00fcy\u00fck \u00f6l\u00e7\u00fcde vergi kayb\u0131na u\u011fratan, haks\u0131z rekabete yol a\u00e7an, ayr\u0131ca standartlara uygun olmad\u0131\u011f\u0131 i\u00e7in do\u011fal \u00e7evreye ve ara\u00e7lara ciddi zararlar veren \u015fah\u0131slar ile m\u00fccadelenin devam etti\u011fi belirtildi<br \/><\/p>\n","protected":false},"excerpt":{"rendered":"<p>\u0130zmir\u2019in Ka\u00e7ak\u00e7\u0131l\u0131k Su\u00e7lar\u0131yla M\u00fccadele \u015eube M\u00fcd\u00fcrl\u00fc\u011f\u00fc ekipleri, Torbal\u0131 il\u00e7esinde d\u00fczenlenen operasyonda piyasa de\u011feri 10 milyon lira olan 250 ton ka\u00e7ak at\u0131k ya\u011f, toplama ya\u011f ve kar\u0131\u015f\u0131ml\u0131 akaryak\u0131t ele ge\u00e7irdi. Torbal\u0131 Cumhuriyet Ba\u015fsavc\u0131l\u0131\u011f\u0131 koordinesinde Ka\u00e7ak\u00e7\u0131l\u0131k Su\u00e7lar\u0131yla M\u00fccadele \u015eube M\u00fcd\u00fcrl\u00fc\u011f\u00fc ekipleri, ka\u00e7ak at\u0131k ya\u011f, toplama ya\u011f ve kar\u0131\u015f\u0131ml\u0131 akaryak\u0131t \u00fcr\u00fcnlerinin \u00fcretim ve ticaretini \u00f6nlemeye y\u00f6nelik yap\u0131lan teknik&#8230;<\/p>\n","protected":false},"author":1,"featured_media":13730,"comment_status":"open","ping_status":"open","sticky":false,"template":"","format":"standard","meta":{"_crdt_document":"","footnotes":""},"categories":[5],"tags":[],"class_list":["post-13729","post","type-post","status-publish","format-standard","has-post-thumbnail","hentry","category-asayis"],"_links":{"self":[{"href":"https:\/\/www.egemtv.com\/index.php?rest_route=\/wp\/v2\/posts\/13729","targetHints":{"allow":["GET"]}}],"collection":[{"href":"https:\/\/www.egemtv.com\/index.php?rest_route=\/wp\/v2\/posts"}],"about":[{"href":"https:\/\/www.egemtv.com\/index.php?rest_route=\/wp\/v2\/types\/post"}],"author":[{"embeddable":true,"href":"https:\/\/www.egemtv.com\/index.php?rest_route=\/wp\/v2\/users\/1"}],"replies":[{"embeddable":true,"href":"https:\/\/www.egemtv.com\/index.php?rest_route=%2Fwp%2Fv2%2Fcomments&post=13729"}],"version-history":[{"count":1,"href":"https:\/\/www.egemtv.com\/index.php?rest_route=\/wp\/v2\/posts\/13729\/revisions"}],"predecessor-version":[{"id":13731,"href":"https:\/\/www.egemtv.com\/index.php?rest_route=\/wp\/v2\/posts\/13729\/revisions\/13731"}],"wp:featuredmedia":[{"embeddable":true,"href":"https:\/\/www.egemtv.com\/index.php?rest_route=\/wp\/v2\/media\/13730"}],"wp:attachment":[{"href":"https:\/\/www.egemtv.com\/index.php?rest_route=%2Fwp%2Fv2%2Fmedia&parent=13729"}],"wp:term":[{"taxonomy":"category","embeddable":true,"href":"https:\/\/www.egemtv.com\/index.php?rest_route=%2Fwp%2Fv2%2Fcategories&post=13729"},{"taxonomy":"post_tag","embeddable":true,"href":"https:\/\/www.egemtv.com\/index.php?rest_route=%2Fwp%2Fv2%2Ftags&post=13729"}],"curies":[{"name":"wp","href":"https:\/\/api.w.org\/{rel}","templated":true}]}}