{"id":13726,"date":"2025-01-30T12:38:59","date_gmt":"2025-01-30T09:38:59","guid":{"rendered":"https:\/\/www.egemtv.com\/?p=13726"},"modified":"2025-01-30T12:39:01","modified_gmt":"2025-01-30T09:39:01","slug":"sari-serum-faciasinin-altindan-diplomasi-iptal-edilen-doktor-cikti","status":"publish","type":"post","link":"https:\/\/www.egemtv.com\/?p=13726","title":{"rendered":"Sar\u0131 serum facias\u0131n\u0131n alt\u0131ndan diplomas\u0131 iptal edilen doktor \u00e7\u0131kt\u0131"},"content":{"rendered":"<p>Afyonkarahisar\u2019da halk aras\u0131nda \u2018atom\u2019 diye tabir edilen sar\u0131 serumun ba\u011flanmas\u0131 sonras\u0131 fenala\u015fan ve kald\u0131r\u0131ld\u0131\u011f\u0131 hastanede ya\u015fam\u0131n\u0131 yitiren 38 ya\u015f\u0131ndaki hastaya serumun ba\u011fland\u0131\u011f\u0131 klinikle ilgili yeni bir detay ortaya \u00e7\u0131kt\u0131. Klini\u011fin ortaklar\u0131ndan birinin, 2022 y\u0131l\u0131nda devlet hastanesinde g\u00f6revliyken alkoll\u00fc bir i\u015f adam\u0131n\u0131n kan\u0131n\u0131 de\u011fi\u015ftirdi\u011fi i\u00e7in yarg\u0131land\u0131\u011f\u0131 ve diplomas\u0131n\u0131n iptal edildi\u011fi iddia edildi.<br \/>\n<br \/>Olay, 13 Ocak\u2019ta kent merkezindeki \u00f6zel bir klinikte meydana geldi. \u0130ddiaya g\u00f6re, mobilya sekt\u00f6r\u00fcnde faaliyet g\u00f6steren bir firman\u0131n sahibi olan ve umre yolculu\u011fu haz\u0131rl\u0131\u011f\u0131 yapan 2 \u00e7ocuk babas\u0131 Mehmet G\u00fcndo\u011fan, grip \u015fikayetiyle klini\u011fe ba\u015fvurdu. Burada G\u00fcndo\u011fan\u2019a herhangi bir tetkik yap\u0131lmadan sar\u0131 serum ba\u011fland\u0131. Ancak G\u00fcndo\u011fan serumun bitmesine yak\u0131n nefes almakta g\u00fc\u00e7l\u00fck \u00e7ekti\u011fini s\u00f6yleyerek fenala\u015ft\u0131. Sonras\u0131nda ise G\u00fcndo\u011fan\u2019a iddiaya g\u00f6re klinik \u00e7al\u0131\u015fanlar\u0131 m\u00fcdahale edemedi. Yakla\u015f\u0131k 10 dakika sonra G\u00fcndo\u011fan\u2019\u0131n refakat\u00e7i olarak yan\u0131nda g\u00f6t\u00fcrd\u00fc\u011f\u00fc arkada\u015f\u0131 G\u00fcndo\u011fan\u2019\u0131n durumunu g\u00f6r\u00fcnce 112 Acil \u00c7a\u011fr\u0131 Merkezini arayarak yard\u0131m istedi. \u0130hbar \u00fczerine klini\u011fe gelen ambulansla Afyonkarahisar Devlet Hastanesine kald\u0131r\u0131lan G\u00fcndo\u011fan m\u00fcdahalenin ard\u0131ndan yo\u011fun bak\u0131ma al\u0131nd\u0131. Ancak G\u00fcndo\u011fan girdi\u011fi yo\u011fun bak\u0131mdan 20 saatin sonunda hayat\u0131n\u0131 kaybetti.<\/p>\n<p>7 san\u0131kl\u0131 davada yarg\u0131lanan doktorun diplomas\u0131 iptal edildi<br \/>\n<br \/>Olay\u0131n ger\u00e7ekle\u015fti\u011fi klinikle ilgili bir g\u00fcndeme gelen bir iddia ise ak\u0131llara durgunluk verdi. \u0130ddialar\u0131n oda\u011f\u0131ndaki klini\u011fin ortaklar\u0131ndan birinin, 2022 y\u0131l\u0131nda \u2018i\u015f insan\u0131 B.B.\u2019nin kar\u0131\u015ft\u0131\u011f\u0131 alkoll\u00fc trafik kazas\u0131 sonras\u0131 g\u00f6t\u00fcr\u00fcld\u00fc\u011f\u00fc devlet hastanesinde verdi\u011fi kan testinin de\u011fi\u015ftirildi\u011fi iddias\u0131\u2019 ile ilgili yarg\u0131lanan doktor oldu\u011fu \u00f6ne s\u00fcr\u00fcld\u00fc. Mert B. isimli doktor, olayla ilgili Afyonkarahisar 2. A\u011f\u0131r Ceza Mahkemesinde a\u00e7\u0131lan davada 7 san\u0131ktan biri olurken ve yarg\u0131lama sonras\u0131nda doktorluk diplomas\u0131n\u0131n iptal edilmesi ile g\u00fcndeme gelmi\u015fti.<\/p>\n<p>Diplomas\u0131 iptal edilince ismi tabeladan silindi<br \/>\n<br \/>Mert B.\u2019nin davas\u0131 devam ederken a\u00e7\u0131lan idari soru\u015fturma \u00e7er\u00e7evesinde devlet hastanesi ile ili\u015fi\u011finin kesildi\u011fi belirtildi. Mert B.\u2019nin diploma iptali sonras\u0131 sar\u0131 serum facias\u0131n\u0131n ya\u015fand\u0131\u011f\u0131 klini\u011fi Uydukent semtinde bir ba\u015fka doktorla birlikte a\u00e7t\u0131\u011f\u0131, ard\u0131ndan i\u015fletmeye ba\u015flad\u0131\u011f\u0131 kaydedildi. Ard\u0131ndan Mert B.\u2019nin diplomas\u0131 mahkeme karar\u0131 ile iptal edilince \u0130l Sa\u011fl\u0131k M\u00fcd\u00fcrl\u00fc\u011f\u00fcne yap\u0131lan \u015fikayetler sonras\u0131 Mert B.\u2019nin isminin klinikteki tabeladan silindi\u011fi ancak \u015fahs\u0131n burada doktor unvan\u0131 ile \u00e7al\u0131\u015fmaya devam etti\u011fi \u00f6ne s\u00fcr\u00fcld\u00fc.<br \/>\n<br \/>\u00d6te yandan, facian\u0131n ya\u015fand\u0131\u011f\u0131 olayla ilgili \u0130l Sa\u011fl\u0131k M\u00fcd\u00fcrl\u00fc\u011f\u00fc taraf\u0131ndan a\u00e7\u0131lan soru\u015fturman\u0131n devam etti\u011fi bildirildi.<br \/><\/p>\n","protected":false},"excerpt":{"rendered":"<p>Afyonkarahisar\u2019da halk aras\u0131nda \u2018atom\u2019 diye tabir edilen sar\u0131 serumun ba\u011flanmas\u0131 sonras\u0131 fenala\u015fan ve kald\u0131r\u0131ld\u0131\u011f\u0131 hastanede ya\u015fam\u0131n\u0131 yitiren 38 ya\u015f\u0131ndaki hastaya serumun ba\u011fland\u0131\u011f\u0131 klinikle ilgili yeni bir detay ortaya \u00e7\u0131kt\u0131. Klini\u011fin ortaklar\u0131ndan birinin, 2022 y\u0131l\u0131nda devlet hastanesinde g\u00f6revliyken alkoll\u00fc bir i\u015f adam\u0131n\u0131n kan\u0131n\u0131 de\u011fi\u015ftirdi\u011fi i\u00e7in yarg\u0131land\u0131\u011f\u0131 ve diplomas\u0131n\u0131n iptal edildi\u011fi iddia edildi. Olay, 13 Ocak\u2019ta kent&#8230;<\/p>\n","protected":false},"author":1,"featured_media":13727,"comment_status":"open","ping_status":"open","sticky":false,"template":"","format":"standard","meta":{"_crdt_document":"","footnotes":""},"categories":[5],"tags":[],"class_list":["post-13726","post","type-post","status-publish","format-standard","has-post-thumbnail","hentry","category-asayis"],"_links":{"self":[{"href":"https:\/\/www.egemtv.com\/index.php?rest_route=\/wp\/v2\/posts\/13726","targetHints":{"allow":["GET"]}}],"collection":[{"href":"https:\/\/www.egemtv.com\/index.php?rest_route=\/wp\/v2\/posts"}],"about":[{"href":"https:\/\/www.egemtv.com\/index.php?rest_route=\/wp\/v2\/types\/post"}],"author":[{"embeddable":true,"href":"https:\/\/www.egemtv.com\/index.php?rest_route=\/wp\/v2\/users\/1"}],"replies":[{"embeddable":true,"href":"https:\/\/www.egemtv.com\/index.php?rest_route=%2Fwp%2Fv2%2Fcomments&post=13726"}],"version-history":[{"count":1,"href":"https:\/\/www.egemtv.com\/index.php?rest_route=\/wp\/v2\/posts\/13726\/revisions"}],"predecessor-version":[{"id":13728,"href":"https:\/\/www.egemtv.com\/index.php?rest_route=\/wp\/v2\/posts\/13726\/revisions\/13728"}],"wp:featuredmedia":[{"embeddable":true,"href":"https:\/\/www.egemtv.com\/index.php?rest_route=\/wp\/v2\/media\/13727"}],"wp:attachment":[{"href":"https:\/\/www.egemtv.com\/index.php?rest_route=%2Fwp%2Fv2%2Fmedia&parent=13726"}],"wp:term":[{"taxonomy":"category","embeddable":true,"href":"https:\/\/www.egemtv.com\/index.php?rest_route=%2Fwp%2Fv2%2Fcategories&post=13726"},{"taxonomy":"post_tag","embeddable":true,"href":"https:\/\/www.egemtv.com\/index.php?rest_route=%2Fwp%2Fv2%2Ftags&post=13726"}],"curies":[{"name":"wp","href":"https:\/\/api.w.org\/{rel}","templated":true}]}}