{"id":13723,"date":"2025-01-30T12:38:56","date_gmt":"2025-01-30T09:38:56","guid":{"rendered":"https:\/\/www.egemtv.com\/?p=13723"},"modified":"2025-01-30T12:38:59","modified_gmt":"2025-01-30T09:38:59","slug":"afyonkarahisarin-egitim-durumu-degerlendirildi","status":"publish","type":"post","link":"https:\/\/www.egemtv.com\/?p=13723","title":{"rendered":"Afyonkarahisar\u2019\u0131n e\u011fitim durumu de\u011ferlendirildi"},"content":{"rendered":"<p>Afyonkarahisar \u0130l Milli E\u011fitim M\u00fcd\u00fcr\u00fc Mira\u00e7 S\u00fcnnetci\u2019nin ba\u015fkanl\u0131\u011f\u0131nda e\u011fitim \u00f6\u011fretim de\u011ferlendirme toplant\u0131s\u0131 d\u00fczenlendi.<br \/>\n<br \/>Toplant\u0131ya E\u011fitim M\u00fcfetti\u015fleri Ba\u015fkan\u0131 Yusuf Turhan, m\u00fcd\u00fcr yard\u0131mc\u0131lar\u0131, \u015fube m\u00fcd\u00fcrleri ve resmi, \u00f6zel okullar\u0131n m\u00fcd\u00fcrleri kat\u0131ld\u0131. 2024-2025 e\u011fitim \u00f6\u011fretim y\u0131l\u0131 birinci d\u00f6neminin de\u011ferlendirmesinin yap\u0131ld\u0131\u011f\u0131 toplant\u0131, ikinci d\u00f6nemde yap\u0131lacaklar\u0131n detayl\u0131 bir \u015fekilde ele al\u0131nmas\u0131 ile devam etti. \u0130l genelinde \u00f6\u011frencilerin akademik ba\u015far\u0131lar\u0131ndaki art\u0131\u015f ve \u00f6\u011frencilerin s\u0131nava haz\u0131rl\u0131k s\u00fcre\u00e7leri de\u011ferlendirildi. \u0130kinci d\u00f6nemde \u00f6\u011frencilerin akademik ba\u015far\u0131lar\u0131n\u0131n yan\u0131nda sosyal, k\u00fclt\u00fcrel ve manevi y\u00f6nlerden geli\u015ftirilmelerine y\u00f6nelik \u00e7al\u0131\u015fmalar yap\u0131lmas\u0131 \u00fczerinde duruldu.<br \/>\n<br \/>Toplant\u0131n\u0131n sonunda, e\u011fitimde elde edilen ba\u015far\u0131lar\u0131n kal\u0131c\u0131 hale getirilmesi ve belirlenen konularda el birli\u011fi ile \u00e7al\u0131\u015fmaya devam edilece\u011fine vurgu yap\u0131ld\u0131.<br \/><\/p>\n","protected":false},"excerpt":{"rendered":"<p>Afyonkarahisar \u0130l Milli E\u011fitim M\u00fcd\u00fcr\u00fc Mira\u00e7 S\u00fcnnetci\u2019nin ba\u015fkanl\u0131\u011f\u0131nda e\u011fitim \u00f6\u011fretim de\u011ferlendirme toplant\u0131s\u0131 d\u00fczenlendi. Toplant\u0131ya E\u011fitim M\u00fcfetti\u015fleri Ba\u015fkan\u0131 Yusuf Turhan, m\u00fcd\u00fcr yard\u0131mc\u0131lar\u0131, \u015fube m\u00fcd\u00fcrleri ve resmi, \u00f6zel okullar\u0131n m\u00fcd\u00fcrleri kat\u0131ld\u0131. 2024-2025 e\u011fitim \u00f6\u011fretim y\u0131l\u0131 birinci d\u00f6neminin de\u011ferlendirmesinin yap\u0131ld\u0131\u011f\u0131 toplant\u0131, ikinci d\u00f6nemde yap\u0131lacaklar\u0131n detayl\u0131 bir \u015fekilde ele al\u0131nmas\u0131 ile devam etti. \u0130l genelinde \u00f6\u011frencilerin akademik ba\u015far\u0131lar\u0131ndaki art\u0131\u015f&#8230;<\/p>\n","protected":false},"author":1,"featured_media":13724,"comment_status":"open","ping_status":"open","sticky":false,"template":"","format":"standard","meta":{"_crdt_document":"","footnotes":""},"categories":[1],"tags":[],"class_list":["post-13723","post","type-post","status-publish","format-standard","has-post-thumbnail","hentry","category-guncel"],"_links":{"self":[{"href":"https:\/\/www.egemtv.com\/index.php?rest_route=\/wp\/v2\/posts\/13723","targetHints":{"allow":["GET"]}}],"collection":[{"href":"https:\/\/www.egemtv.com\/index.php?rest_route=\/wp\/v2\/posts"}],"about":[{"href":"https:\/\/www.egemtv.com\/index.php?rest_route=\/wp\/v2\/types\/post"}],"author":[{"embeddable":true,"href":"https:\/\/www.egemtv.com\/index.php?rest_route=\/wp\/v2\/users\/1"}],"replies":[{"embeddable":true,"href":"https:\/\/www.egemtv.com\/index.php?rest_route=%2Fwp%2Fv2%2Fcomments&post=13723"}],"version-history":[{"count":1,"href":"https:\/\/www.egemtv.com\/index.php?rest_route=\/wp\/v2\/posts\/13723\/revisions"}],"predecessor-version":[{"id":13725,"href":"https:\/\/www.egemtv.com\/index.php?rest_route=\/wp\/v2\/posts\/13723\/revisions\/13725"}],"wp:featuredmedia":[{"embeddable":true,"href":"https:\/\/www.egemtv.com\/index.php?rest_route=\/wp\/v2\/media\/13724"}],"wp:attachment":[{"href":"https:\/\/www.egemtv.com\/index.php?rest_route=%2Fwp%2Fv2%2Fmedia&parent=13723"}],"wp:term":[{"taxonomy":"category","embeddable":true,"href":"https:\/\/www.egemtv.com\/index.php?rest_route=%2Fwp%2Fv2%2Fcategories&post=13723"},{"taxonomy":"post_tag","embeddable":true,"href":"https:\/\/www.egemtv.com\/index.php?rest_route=%2Fwp%2Fv2%2Ftags&post=13723"}],"curies":[{"name":"wp","href":"https:\/\/api.w.org\/{rel}","templated":true}]}}