{"id":13720,"date":"2025-01-30T12:27:59","date_gmt":"2025-01-30T09:27:59","guid":{"rendered":"https:\/\/www.egemtv.com\/?p=13720"},"modified":"2025-01-30T12:28:01","modified_gmt":"2025-01-30T09:28:01","slug":"guney-kore-seul-merkez-camisinin-halilari-demircide-dokundu","status":"publish","type":"post","link":"https:\/\/www.egemtv.com\/?p=13720","title":{"rendered":"G\u00fcney Kore Seul Merkez camisinin hal\u0131lar\u0131 Demirci\u2019de dokundu"},"content":{"rendered":"<p>Cami ve otel hal\u0131c\u0131l\u0131\u011f\u0131nda \u00f6nemli bir merkez olan Manisa\u2019n\u0131n Demirci il\u00e7esinde \u00fcretilen hal\u0131lar camileri s\u00fcslemeye devam ediyor. G\u00fcney Kore\u2019nin Ba\u015fkenti Seul\u2019de yap\u0131m\u0131 yeni tamamlanan caminin hal\u0131lar\u0131 da Demirci\u2019de dokundu.<br \/>\n<br \/>Demirci\u2019de 1958 y\u0131l\u0131ndan bu yana el hal\u0131c\u0131l\u0131\u011f\u0131, cami ve otel hal\u0131c\u0131l\u0131\u011f\u0131nda olan Serko Hal\u0131, G\u00fcney Kore\u2019nin ba\u015fkenti Seul\u2019de 1976 y\u0131l\u0131nda in\u015fa edilen 2024 y\u0131l\u0131nda T\u00fcrkiye Seul B\u00fcy\u00fckel\u00e7ili\u011finin destekleri ile cami i\u00e7inde ve d\u0131\u015f\u0131nda kapsaml\u0131 bir d\u00fczenleme yap\u0131lan Seul Merkez Camisinin hal\u0131lar\u0131 Demirci\u2019de dokundu.<br \/>\n<br \/>Y\u00fczde y\u00fcz y\u00fcn olarak 500 metrekare b\u00fcy\u00fckl\u00fc\u011f\u00fcndeki hal\u0131 Demirci\u2019de dokunarak Seul Merkez camisine ge\u00e7ti\u011fimiz g\u00fcnlerde montaj\u0131 yap\u0131ld\u0131.<br \/>\n<br \/>Hal\u0131 firmas\u0131n\u0131n sahibi Ziya Arslan yapt\u0131\u011f\u0131 a\u00e7\u0131klamada, &#8220;Firmam\u0131z olarak G\u00fcney Kore\u2019nin Ba\u015fkenti Seul\u2019de yar\u0131m as\u0131rl\u0131k caminin hal\u0131lar\u0131n\u0131 cami mimarisine \u00f6zel ve T\u00fcrk motiflerinin kullan\u0131ld\u0131\u011f\u0131 k\u0131rm\u0131z\u0131 renk ile dokundu. Firmam\u0131z olarak daha \u00f6nce Kazakistan, Rusya gibi \u00fclkelerde de tarihi camilerin hal\u0131lar\u0131 dokundu.&#8221; dedi.<br \/>\n<br \/>Demirci Belediye Ba\u015fkan\u0131 Erkan Kara ise yapt\u0131\u011f\u0131 a\u00e7\u0131klamada, &#8220;Demirci\u2019mizde \u00fcretilen cami hal\u0131lar\u0131 ile d\u00fcnyaca \u00fcnl\u00fc cami ve otelleri s\u00fcsl\u00fcyoruz. Antibakteriyel, alev almaz, koku yapmaz ve rengi solmaz \u00f6zelliklere sahip hal\u0131lar\u0131m\u0131z desinat\u00f6rlerimiz taraf\u0131ndan camilerin mimarisine \u00f6zg\u00fc olarak haz\u0131rlan\u0131yor.&#8221; diye konu\u015ftu.<br \/><\/p>\n","protected":false},"excerpt":{"rendered":"<p>Cami ve otel hal\u0131c\u0131l\u0131\u011f\u0131nda \u00f6nemli bir merkez olan Manisa\u2019n\u0131n Demirci il\u00e7esinde \u00fcretilen hal\u0131lar camileri s\u00fcslemeye devam ediyor. G\u00fcney Kore\u2019nin Ba\u015fkenti Seul\u2019de yap\u0131m\u0131 yeni tamamlanan caminin hal\u0131lar\u0131 da Demirci\u2019de dokundu. Demirci\u2019de 1958 y\u0131l\u0131ndan bu yana el hal\u0131c\u0131l\u0131\u011f\u0131, cami ve otel hal\u0131c\u0131l\u0131\u011f\u0131nda olan Serko Hal\u0131, G\u00fcney Kore\u2019nin ba\u015fkenti Seul\u2019de 1976 y\u0131l\u0131nda in\u015fa edilen 2024 y\u0131l\u0131nda T\u00fcrkiye Seul&#8230;<\/p>\n","protected":false},"author":1,"featured_media":13721,"comment_status":"open","ping_status":"open","sticky":false,"template":"","format":"standard","meta":{"_crdt_document":"","footnotes":""},"categories":[125],"tags":[],"class_list":["post-13720","post","type-post","status-publish","format-standard","has-post-thumbnail","hentry","category-ekonomi"],"_links":{"self":[{"href":"https:\/\/www.egemtv.com\/index.php?rest_route=\/wp\/v2\/posts\/13720","targetHints":{"allow":["GET"]}}],"collection":[{"href":"https:\/\/www.egemtv.com\/index.php?rest_route=\/wp\/v2\/posts"}],"about":[{"href":"https:\/\/www.egemtv.com\/index.php?rest_route=\/wp\/v2\/types\/post"}],"author":[{"embeddable":true,"href":"https:\/\/www.egemtv.com\/index.php?rest_route=\/wp\/v2\/users\/1"}],"replies":[{"embeddable":true,"href":"https:\/\/www.egemtv.com\/index.php?rest_route=%2Fwp%2Fv2%2Fcomments&post=13720"}],"version-history":[{"count":1,"href":"https:\/\/www.egemtv.com\/index.php?rest_route=\/wp\/v2\/posts\/13720\/revisions"}],"predecessor-version":[{"id":13722,"href":"https:\/\/www.egemtv.com\/index.php?rest_route=\/wp\/v2\/posts\/13720\/revisions\/13722"}],"wp:featuredmedia":[{"embeddable":true,"href":"https:\/\/www.egemtv.com\/index.php?rest_route=\/wp\/v2\/media\/13721"}],"wp:attachment":[{"href":"https:\/\/www.egemtv.com\/index.php?rest_route=%2Fwp%2Fv2%2Fmedia&parent=13720"}],"wp:term":[{"taxonomy":"category","embeddable":true,"href":"https:\/\/www.egemtv.com\/index.php?rest_route=%2Fwp%2Fv2%2Fcategories&post=13720"},{"taxonomy":"post_tag","embeddable":true,"href":"https:\/\/www.egemtv.com\/index.php?rest_route=%2Fwp%2Fv2%2Ftags&post=13720"}],"curies":[{"name":"wp","href":"https:\/\/api.w.org\/{rel}","templated":true}]}}