{"id":13717,"date":"2025-01-30T12:22:45","date_gmt":"2025-01-30T09:22:45","guid":{"rendered":"https:\/\/www.egemtv.com\/?p=13717"},"modified":"2025-01-30T12:22:48","modified_gmt":"2025-01-30T09:22:48","slug":"muftu-irfan-acik-genclige-deger-ara-donem-kampini-ziyaret-etti","status":"publish","type":"post","link":"https:\/\/www.egemtv.com\/?p=13717","title":{"rendered":"M\u00fcft\u00fc \u0130rfan A\u00e7\u0131k \u201cGen\u00e7li\u011fe De\u011fer Ara D\u00f6nem Kamp\u0131\u201dn\u0131 ziyaret etti"},"content":{"rendered":"<p>K\u00fctahya \u0130l M\u00fcft\u00fcl\u00fc\u011f\u00fc taraf\u0131ndan Emir Sultan Kur\u2019an Kursu\u2019nda yar\u0131y\u0131l tatili kapsam\u0131nda d\u00fczenlenen \u201cGen\u00e7li\u011fe De\u011fer Ara D\u00f6nem Kamp\u0131\u201d, ortaokul ve lise d\u00fczeyindeki 30 \u00f6\u011frencinin kat\u0131l\u0131m\u0131yla ger\u00e7ekle\u015fti.<br \/>\n<br \/>\u00c7ar\u015famba, Per\u015fembe ve Cuma g\u00fcnleri boyunca \u00e7e\u015fitli etkinliklerle devam eden kamp\u0131 ziyaret eden \u0130l M\u00fcft\u00fcs\u00fc Dr. \u0130rfan A\u00e7\u0131k, \u00f6\u011frencilerle bir araya gelerek sohbet etti.<br \/>\n<br \/>Etkinlik boyunca gen\u00e7lerin manevi geli\u015fimlerine katk\u0131 sa\u011flamak amac\u0131yla \u00e7e\u015fitli programlar d\u00fczenlendi\u011fi belirtilirken, kamp\u0131n \u00f6\u011frenciler i\u00e7in verimli ve keyifli ge\u00e7ti\u011fi ifade edildi.<br \/><\/p>\n","protected":false},"excerpt":{"rendered":"<p>K\u00fctahya \u0130l M\u00fcft\u00fcl\u00fc\u011f\u00fc taraf\u0131ndan Emir Sultan Kur\u2019an Kursu\u2019nda yar\u0131y\u0131l tatili kapsam\u0131nda d\u00fczenlenen \u201cGen\u00e7li\u011fe De\u011fer Ara D\u00f6nem Kamp\u0131\u201d, ortaokul ve lise d\u00fczeyindeki 30 \u00f6\u011frencinin kat\u0131l\u0131m\u0131yla ger\u00e7ekle\u015fti. \u00c7ar\u015famba, Per\u015fembe ve Cuma g\u00fcnleri boyunca \u00e7e\u015fitli etkinliklerle devam eden kamp\u0131 ziyaret eden \u0130l M\u00fcft\u00fcs\u00fc Dr. \u0130rfan A\u00e7\u0131k, \u00f6\u011frencilerle bir araya gelerek sohbet etti. Etkinlik boyunca gen\u00e7lerin manevi geli\u015fimlerine katk\u0131&#8230;<\/p>\n","protected":false},"author":1,"featured_media":13718,"comment_status":"open","ping_status":"open","sticky":false,"template":"","format":"standard","meta":{"_crdt_document":"","footnotes":""},"categories":[1],"tags":[],"class_list":["post-13717","post","type-post","status-publish","format-standard","has-post-thumbnail","hentry","category-guncel"],"_links":{"self":[{"href":"https:\/\/www.egemtv.com\/index.php?rest_route=\/wp\/v2\/posts\/13717","targetHints":{"allow":["GET"]}}],"collection":[{"href":"https:\/\/www.egemtv.com\/index.php?rest_route=\/wp\/v2\/posts"}],"about":[{"href":"https:\/\/www.egemtv.com\/index.php?rest_route=\/wp\/v2\/types\/post"}],"author":[{"embeddable":true,"href":"https:\/\/www.egemtv.com\/index.php?rest_route=\/wp\/v2\/users\/1"}],"replies":[{"embeddable":true,"href":"https:\/\/www.egemtv.com\/index.php?rest_route=%2Fwp%2Fv2%2Fcomments&post=13717"}],"version-history":[{"count":1,"href":"https:\/\/www.egemtv.com\/index.php?rest_route=\/wp\/v2\/posts\/13717\/revisions"}],"predecessor-version":[{"id":13719,"href":"https:\/\/www.egemtv.com\/index.php?rest_route=\/wp\/v2\/posts\/13717\/revisions\/13719"}],"wp:featuredmedia":[{"embeddable":true,"href":"https:\/\/www.egemtv.com\/index.php?rest_route=\/wp\/v2\/media\/13718"}],"wp:attachment":[{"href":"https:\/\/www.egemtv.com\/index.php?rest_route=%2Fwp%2Fv2%2Fmedia&parent=13717"}],"wp:term":[{"taxonomy":"category","embeddable":true,"href":"https:\/\/www.egemtv.com\/index.php?rest_route=%2Fwp%2Fv2%2Fcategories&post=13717"},{"taxonomy":"post_tag","embeddable":true,"href":"https:\/\/www.egemtv.com\/index.php?rest_route=%2Fwp%2Fv2%2Ftags&post=13717"}],"curies":[{"name":"wp","href":"https:\/\/api.w.org\/{rel}","templated":true}]}}