{"id":13714,"date":"2025-01-30T12:16:49","date_gmt":"2025-01-30T09:16:49","guid":{"rendered":"https:\/\/www.egemtv.com\/?p=13714"},"modified":"2025-01-30T12:16:52","modified_gmt":"2025-01-30T09:16:52","slug":"ozel-bireylerin-sosyal-hayata-entegrasyonu-ve-yurutulen-projeler-hakkinda-bilgi-aldilar","status":"publish","type":"post","link":"https:\/\/www.egemtv.com\/?p=13714","title":{"rendered":"\u00d6zel bireylerin sosyal hayata entegrasyonu ve y\u00fcr\u00fct\u00fclen projeler hakk\u0131nda bilgi ald\u0131lar"},"content":{"rendered":"<p>K\u00fctahya \u0130l Emniyet M\u00fcd\u00fcr\u00fc Osman Elbir ve e\u015fi P\u0131nar Elbir, Biyonik Kulakl\u0131kl\u0131 \u0130\u015fitme Engelliler Derne\u011fi\u2019ni ziyaret etti. Ziyaret kapsam\u0131nda dernek \u00fcyeleriyle bir araya gelen Elbir \u00e7ifti, \u00f6zel bireylerin sosyal hayata entegrasyonu ve y\u00fcr\u00fct\u00fclen projeler hakk\u0131nda bilgi ald\u0131.<br \/>\n<br \/>Ulusal \u00e7apta fark\u0131ndal\u0131k olu\u015fturmay\u0131 hedefleyen dernek, b\u00fcnyesindeki bireylerin \u00e7e\u015fitli projelerde yer almas\u0131n\u0131 sa\u011flayarak onlar\u0131n topluma daha g\u00fc\u00e7l\u00fc bir \u015fekilde kat\u0131l\u0131m\u0131na katk\u0131 sunuyor. Ayn\u0131 zamanda empati ve insani duygular\u0131n geli\u015fimini baz alan etkinliklere ev sahipli\u011fi yaparak toplumda fark\u0131ndal\u0131k olu\u015fturuyor.<br \/>\n<br \/>Dernek, ekonomiye de katk\u0131 sa\u011flayarak biyonik kulakl\u0131k kullanan bireyler ve aileleri taraf\u0131ndan \u00fcretilen \u00e7e\u015fitli el eme\u011fi \u00fcr\u00fcnlerle istihdam sa\u011fl\u0131yor. \u00d6zellikle oyuncak g\u00f6r\u00fcn\u00fcml\u00fc ancak a\u00e7\u0131ld\u0131\u011f\u0131nda battaniyeye d\u00f6n\u00fc\u015fen \u00fcr\u00fcnler ba\u015fta olmak \u00fczere bir\u00e7ok \u00fcretim ger\u00e7ekle\u015ftiren dernek, elde edilen gelirleri i\u015fitme cihaz\u0131 ihtiyac\u0131 olan bireyler i\u00e7in kullan\u0131yor.<br \/>\n<br \/>\u0130l Emniyet M\u00fcd\u00fcr\u00fc Osman Elbir, \u00f6zel bireyler ve aileleriyle yak\u0131ndan ilgilenerek keyifli vakit ge\u00e7irdi. Ziyaretin sonunda Elbir, \u201cBirlikte daha g\u00fc\u00e7l\u00fcy\u00fcz, daha gururluyuz\u201d diyerek toplumun her kesiminin bir arada ve dayan\u0131\u015fma i\u00e7inde olmas\u0131 gerekti\u011fine vurgu yapt\u0131.<br \/><\/p>\n","protected":false},"excerpt":{"rendered":"<p>K\u00fctahya \u0130l Emniyet M\u00fcd\u00fcr\u00fc Osman Elbir ve e\u015fi P\u0131nar Elbir, Biyonik Kulakl\u0131kl\u0131 \u0130\u015fitme Engelliler Derne\u011fi\u2019ni ziyaret etti. Ziyaret kapsam\u0131nda dernek \u00fcyeleriyle bir araya gelen Elbir \u00e7ifti, \u00f6zel bireylerin sosyal hayata entegrasyonu ve y\u00fcr\u00fct\u00fclen projeler hakk\u0131nda bilgi ald\u0131. Ulusal \u00e7apta fark\u0131ndal\u0131k olu\u015fturmay\u0131 hedefleyen dernek, b\u00fcnyesindeki bireylerin \u00e7e\u015fitli projelerde yer almas\u0131n\u0131 sa\u011flayarak onlar\u0131n topluma daha g\u00fc\u00e7l\u00fc bir&#8230;<\/p>\n","protected":false},"author":1,"featured_media":13715,"comment_status":"open","ping_status":"open","sticky":false,"template":"","format":"standard","meta":{"_crdt_document":"","footnotes":""},"categories":[123],"tags":[],"class_list":["post-13714","post","type-post","status-publish","format-standard","has-post-thumbnail","hentry","category-gundem"],"_links":{"self":[{"href":"https:\/\/www.egemtv.com\/index.php?rest_route=\/wp\/v2\/posts\/13714","targetHints":{"allow":["GET"]}}],"collection":[{"href":"https:\/\/www.egemtv.com\/index.php?rest_route=\/wp\/v2\/posts"}],"about":[{"href":"https:\/\/www.egemtv.com\/index.php?rest_route=\/wp\/v2\/types\/post"}],"author":[{"embeddable":true,"href":"https:\/\/www.egemtv.com\/index.php?rest_route=\/wp\/v2\/users\/1"}],"replies":[{"embeddable":true,"href":"https:\/\/www.egemtv.com\/index.php?rest_route=%2Fwp%2Fv2%2Fcomments&post=13714"}],"version-history":[{"count":1,"href":"https:\/\/www.egemtv.com\/index.php?rest_route=\/wp\/v2\/posts\/13714\/revisions"}],"predecessor-version":[{"id":13716,"href":"https:\/\/www.egemtv.com\/index.php?rest_route=\/wp\/v2\/posts\/13714\/revisions\/13716"}],"wp:featuredmedia":[{"embeddable":true,"href":"https:\/\/www.egemtv.com\/index.php?rest_route=\/wp\/v2\/media\/13715"}],"wp:attachment":[{"href":"https:\/\/www.egemtv.com\/index.php?rest_route=%2Fwp%2Fv2%2Fmedia&parent=13714"}],"wp:term":[{"taxonomy":"category","embeddable":true,"href":"https:\/\/www.egemtv.com\/index.php?rest_route=%2Fwp%2Fv2%2Fcategories&post=13714"},{"taxonomy":"post_tag","embeddable":true,"href":"https:\/\/www.egemtv.com\/index.php?rest_route=%2Fwp%2Fv2%2Ftags&post=13714"}],"curies":[{"name":"wp","href":"https:\/\/api.w.org\/{rel}","templated":true}]}}