{"id":13711,"date":"2025-01-30T12:16:45","date_gmt":"2025-01-30T09:16:45","guid":{"rendered":"https:\/\/www.egemtv.com\/?p=13711"},"modified":"2025-01-30T12:16:48","modified_gmt":"2025-01-30T09:16:48","slug":"baskan-erenler-kutahyanin-turizm-potansiyelini-guclendirecegiz","status":"publish","type":"post","link":"https:\/\/www.egemtv.com\/?p=13711","title":{"rendered":"Ba\u015fkan Erenler: &#8220;K\u00fctahya\u2019n\u0131n turizm potansiyelini g\u00fc\u00e7lendirece\u011fiz&#8221;"},"content":{"rendered":"<p>AK Parti K\u00fctahya \u0130l Ba\u015fkan\u0131 Ceyda \u00c7etin Erenler, K\u00fctahya Valili\u011fi himayesinde ve Zafer Kalk\u0131nma Ajans\u0131 koordinasyonunda haz\u0131rlanan K\u00fctahya Turizm Master Plan\u0131 bilgilendirme toplant\u0131s\u0131na kat\u0131ld\u0131klar\u0131n\u0131 a\u00e7\u0131klad\u0131.<br \/>\n<br \/>Toplant\u0131da, 12 proje ve bu projelere ba\u011fl\u0131 150 faaliyetin hayata ge\u00e7irilmesinin hedeflendi\u011fini belirten Erenler, t\u00fcm kurumlar\u0131n ve K\u00fctahyal\u0131lar\u0131n projeye sahip \u00e7\u0131kmas\u0131n\u0131 memnuniyetle kar\u015f\u0131lad\u0131\u011f\u0131n\u0131 ifade etti.<br \/>\n<br \/>K\u00fctahya\u2019n\u0131n \u00e7ini sanat\u0131ndan tarihi miras\u0131na, do\u011fal g\u00fczelliklerinden k\u00fclt\u00fcrel de\u011ferlerine kadar b\u00fcy\u00fck bir turizm potansiyeline sahip oldu\u011funu vurgulayan Ceyda \u00c7etin Erenler, \u015fehrin ulusal ve uluslararas\u0131 turizmde daha etkin bir konuma y\u00fckselmesi i\u00e7in \u00e7al\u0131\u015fmalara devam edeceklerini belirtti.<br \/>\n<br \/>K\u00fctahya Belediyesi, \u0130l \u00d6zel \u0130daresi, \u0130l K\u00fclt\u00fcr ve Turizm M\u00fcd\u00fcrl\u00fc\u011f\u00fc ile K\u00fctahya Ticaret ve Sanayi Odas\u0131\u2019n\u0131n i\u015f birli\u011fiyle y\u00fcr\u00fct\u00fclen K\u00fctahya Turizm Master Plan\u0131 kapsam\u0131nda, \u015fehrin turizm altyap\u0131s\u0131n\u0131 g\u00fc\u00e7lendirecek projelerin hayata ge\u00e7irilmesi planlan\u0131yor.<br \/><\/p>\n","protected":false},"excerpt":{"rendered":"<p>AK Parti K\u00fctahya \u0130l Ba\u015fkan\u0131 Ceyda \u00c7etin Erenler, K\u00fctahya Valili\u011fi himayesinde ve Zafer Kalk\u0131nma Ajans\u0131 koordinasyonunda haz\u0131rlanan K\u00fctahya Turizm Master Plan\u0131 bilgilendirme toplant\u0131s\u0131na kat\u0131ld\u0131klar\u0131n\u0131 a\u00e7\u0131klad\u0131. Toplant\u0131da, 12 proje ve bu projelere ba\u011fl\u0131 150 faaliyetin hayata ge\u00e7irilmesinin hedeflendi\u011fini belirten Erenler, t\u00fcm kurumlar\u0131n ve K\u00fctahyal\u0131lar\u0131n projeye sahip \u00e7\u0131kmas\u0131n\u0131 memnuniyetle kar\u015f\u0131lad\u0131\u011f\u0131n\u0131 ifade etti. K\u00fctahya\u2019n\u0131n \u00e7ini sanat\u0131ndan tarihi miras\u0131na,&#8230;<\/p>\n","protected":false},"author":1,"featured_media":13712,"comment_status":"open","ping_status":"open","sticky":false,"template":"","format":"standard","meta":{"_crdt_document":"","footnotes":""},"categories":[123],"tags":[],"class_list":["post-13711","post","type-post","status-publish","format-standard","has-post-thumbnail","hentry","category-gundem"],"_links":{"self":[{"href":"https:\/\/www.egemtv.com\/index.php?rest_route=\/wp\/v2\/posts\/13711","targetHints":{"allow":["GET"]}}],"collection":[{"href":"https:\/\/www.egemtv.com\/index.php?rest_route=\/wp\/v2\/posts"}],"about":[{"href":"https:\/\/www.egemtv.com\/index.php?rest_route=\/wp\/v2\/types\/post"}],"author":[{"embeddable":true,"href":"https:\/\/www.egemtv.com\/index.php?rest_route=\/wp\/v2\/users\/1"}],"replies":[{"embeddable":true,"href":"https:\/\/www.egemtv.com\/index.php?rest_route=%2Fwp%2Fv2%2Fcomments&post=13711"}],"version-history":[{"count":1,"href":"https:\/\/www.egemtv.com\/index.php?rest_route=\/wp\/v2\/posts\/13711\/revisions"}],"predecessor-version":[{"id":13713,"href":"https:\/\/www.egemtv.com\/index.php?rest_route=\/wp\/v2\/posts\/13711\/revisions\/13713"}],"wp:featuredmedia":[{"embeddable":true,"href":"https:\/\/www.egemtv.com\/index.php?rest_route=\/wp\/v2\/media\/13712"}],"wp:attachment":[{"href":"https:\/\/www.egemtv.com\/index.php?rest_route=%2Fwp%2Fv2%2Fmedia&parent=13711"}],"wp:term":[{"taxonomy":"category","embeddable":true,"href":"https:\/\/www.egemtv.com\/index.php?rest_route=%2Fwp%2Fv2%2Fcategories&post=13711"},{"taxonomy":"post_tag","embeddable":true,"href":"https:\/\/www.egemtv.com\/index.php?rest_route=%2Fwp%2Fv2%2Ftags&post=13711"}],"curies":[{"name":"wp","href":"https:\/\/api.w.org\/{rel}","templated":true}]}}