{"id":13708,"date":"2025-01-30T12:13:37","date_gmt":"2025-01-30T09:13:37","guid":{"rendered":"https:\/\/www.egemtv.com\/?p=13708"},"modified":"2025-01-30T12:13:40","modified_gmt":"2025-01-30T09:13:40","slug":"yunusemrede-bozulan-yollar-onariliyor","status":"publish","type":"post","link":"https:\/\/www.egemtv.com\/?p=13708","title":{"rendered":"Yunusemre\u2019de bozulan yollar onar\u0131l\u0131yor"},"content":{"rendered":"<p>Yunusemre Belediyesi, Yukar\u0131 Kayap\u0131nar Mahallesi\u2019nde bozulan ve ihtiya\u00e7 duyulan sokaklarda kilitli parke ta\u015f\u0131 d\u00f6\u015feme \u00e7al\u0131\u015fmalar\u0131n\u0131 aral\u0131ks\u0131z s\u00fcrd\u00fcr\u00fcyor.<br \/>\n<br \/>Yunusemre Belediyesi, il\u00e7ede \u00e7e\u015fitli sokak ve caddelerde farkl\u0131 nedenlerle bozulan yol ve kald\u0131r\u0131mlarda onar\u0131m \u00e7al\u0131\u015fmalar\u0131n\u0131 s\u00fcrd\u00fcr\u00fcyor. Fen \u0130\u015fleri M\u00fcd\u00fcrl\u00fc\u011f\u00fc ekipleri, Kayap\u0131nar Mahallesi\u2019nde yol yap\u0131m ve onar\u0131m \u00e7al\u0131\u015fmas\u0131 ger\u00e7ekle\u015ftirdi. \u00c7al\u0131\u015fmalara ili\u015fkin bilgi veren Yunusemre Belediye Ba\u015fkan\u0131 Semih Balaban yapt\u0131\u011f\u0131 a\u00e7\u0131klamada, \u201c\u0130htiya\u00e7 d\u00e2hilinde belirli bir program kapsam\u0131nda mahallelerimizde yapt\u0131\u011f\u0131m\u0131z parke ta\u015f\u0131 d\u00f6\u015feme \u00e7al\u0131\u015fmalar\u0131m\u0131z\u0131 s\u00fcrd\u00fcr\u00fcyoruz. Parke ta\u015f\u0131 d\u00f6\u015feme ve bak\u0131m hizmetleri sayesinde mahallelerimizde daha g\u00fcvenli bir ula\u015f\u0131m sunmay\u0131 hedefliyoruz. Yunusemreliler i\u00e7in \u00e7al\u0131\u015fmalar\u0131m\u0131z\u0131 s\u00fcrd\u00fcrmeye devam edece\u011fiz\u201d diye konu\u015ftu.<br \/><\/p>\n","protected":false},"excerpt":{"rendered":"<p>Yunusemre Belediyesi, Yukar\u0131 Kayap\u0131nar Mahallesi\u2019nde bozulan ve ihtiya\u00e7 duyulan sokaklarda kilitli parke ta\u015f\u0131 d\u00f6\u015feme \u00e7al\u0131\u015fmalar\u0131n\u0131 aral\u0131ks\u0131z s\u00fcrd\u00fcr\u00fcyor. Yunusemre Belediyesi, il\u00e7ede \u00e7e\u015fitli sokak ve caddelerde farkl\u0131 nedenlerle bozulan yol ve kald\u0131r\u0131mlarda onar\u0131m \u00e7al\u0131\u015fmalar\u0131n\u0131 s\u00fcrd\u00fcr\u00fcyor. Fen \u0130\u015fleri M\u00fcd\u00fcrl\u00fc\u011f\u00fc ekipleri, Kayap\u0131nar Mahallesi\u2019nde yol yap\u0131m ve onar\u0131m \u00e7al\u0131\u015fmas\u0131 ger\u00e7ekle\u015ftirdi. \u00c7al\u0131\u015fmalara ili\u015fkin bilgi veren Yunusemre Belediye Ba\u015fkan\u0131 Semih Balaban yapt\u0131\u011f\u0131&#8230;<\/p>\n","protected":false},"author":1,"featured_media":13709,"comment_status":"open","ping_status":"open","sticky":false,"template":"","format":"standard","meta":{"_crdt_document":"","footnotes":""},"categories":[1],"tags":[],"class_list":["post-13708","post","type-post","status-publish","format-standard","has-post-thumbnail","hentry","category-guncel"],"_links":{"self":[{"href":"https:\/\/www.egemtv.com\/index.php?rest_route=\/wp\/v2\/posts\/13708","targetHints":{"allow":["GET"]}}],"collection":[{"href":"https:\/\/www.egemtv.com\/index.php?rest_route=\/wp\/v2\/posts"}],"about":[{"href":"https:\/\/www.egemtv.com\/index.php?rest_route=\/wp\/v2\/types\/post"}],"author":[{"embeddable":true,"href":"https:\/\/www.egemtv.com\/index.php?rest_route=\/wp\/v2\/users\/1"}],"replies":[{"embeddable":true,"href":"https:\/\/www.egemtv.com\/index.php?rest_route=%2Fwp%2Fv2%2Fcomments&post=13708"}],"version-history":[{"count":1,"href":"https:\/\/www.egemtv.com\/index.php?rest_route=\/wp\/v2\/posts\/13708\/revisions"}],"predecessor-version":[{"id":13710,"href":"https:\/\/www.egemtv.com\/index.php?rest_route=\/wp\/v2\/posts\/13708\/revisions\/13710"}],"wp:featuredmedia":[{"embeddable":true,"href":"https:\/\/www.egemtv.com\/index.php?rest_route=\/wp\/v2\/media\/13709"}],"wp:attachment":[{"href":"https:\/\/www.egemtv.com\/index.php?rest_route=%2Fwp%2Fv2%2Fmedia&parent=13708"}],"wp:term":[{"taxonomy":"category","embeddable":true,"href":"https:\/\/www.egemtv.com\/index.php?rest_route=%2Fwp%2Fv2%2Fcategories&post=13708"},{"taxonomy":"post_tag","embeddable":true,"href":"https:\/\/www.egemtv.com\/index.php?rest_route=%2Fwp%2Fv2%2Ftags&post=13708"}],"curies":[{"name":"wp","href":"https:\/\/api.w.org\/{rel}","templated":true}]}}