{"id":13705,"date":"2025-01-30T11:53:00","date_gmt":"2025-01-30T08:53:00","guid":{"rendered":"https:\/\/www.egemtv.com\/?p=13705"},"modified":"2025-01-30T11:53:02","modified_gmt":"2025-01-30T08:53:02","slug":"babasinin-evi-sattigini-5-ay-sonra-ogrendi","status":"publish","type":"post","link":"https:\/\/www.egemtv.com\/?p=13705","title":{"rendered":"Babas\u0131n\u0131n evi satt\u0131\u011f\u0131n\u0131 5 ay sonra \u00f6\u011frendi"},"content":{"rendered":"<p>\u0130zmir\u2019de zihinsel engelli o\u011fluyla karavanda ya\u015fam m\u00fccadelesi veren Seval Ta\u015fk\u0131n\u2019\u0131n tek iste\u011fi k\u00fc\u00e7\u00fck bir eve yerle\u015fmek.<br \/>\n<br \/>2017 y\u0131l\u0131nda Bornova il\u00e7esinde babas\u0131na ait evde 42 ya\u015f\u0131ndaki zihinsel engelli o\u011fluyla birlikte ya\u015fayan Seval Ta\u015fk\u0131n (69), babas\u0131n\u0131n evi satt\u0131\u011f\u0131n\u0131 \u00f6\u011frendi. Sat\u0131\u015ftan yakla\u015f\u0131k 5 ay sonra Ta\u015fk\u0131n, yeni ev sahibinin \u2018evden \u00e7\u0131k\u0131n\u2019 talebiyle \u015fok ya\u015fad\u0131. Evsiz kalan anne ve o\u011flu, yakla\u015f\u0131k bir bu\u00e7uk y\u0131l boyunca otob\u00fcs dura\u011f\u0131nda ya\u015famak zorunda kald\u0131. Anne ve o\u011flu, ilerleyen s\u00fcre\u00e7te yetkililerin yard\u0131mlar\u0131yla yerle\u015ftirildikleri evden de iddiaya g\u00f6re ev sahibinin bask\u0131lar\u0131 ve kap\u0131 anahtarlar\u0131n\u0131 de\u011fi\u015ftirilmesi sonucu \u00e7\u0131kar\u0131ld\u0131. Sokakta kalan anne ve o\u011fluna, o\u011flunun bir arkada\u015f\u0131 yard\u0131m eli uzatt\u0131 ve onlara bir karavan hediye etti. Elektrik, su ve \u0131s\u0131t\u0131c\u0131lar\u0131 olmadan ya\u015fam\u0131n\u0131 s\u00fcrd\u00fcren ailenin tek iste\u011fi ise k\u00fc\u00e7\u00fck bir eve yerle\u015fmek. Ya\u015fad\u0131klar\u0131n\u0131 anlatan Seval Ta\u015fk\u0131n, \u201c2017 y\u0131l\u0131na kadar kendi evimizde oturuyorduk. Babam rahats\u0131zd\u0131. O sene oturdu\u011fumuz evi bizden habersiz satm\u0131\u015f. Evi alan ki\u015fi yakla\u015f\u0131k 5 ay sonra bizi evden \u00e7\u0131kard\u0131. Sokakta kald\u0131k. B\u00fct\u00fcn e\u015fyalar\u0131m\u0131z evde kald\u0131. Sonra 1 bu\u00e7uk y\u0131l buradaki durakta kald\u0131k. Bir s\u00fcre sonra bizi pansiyona yerle\u015ftirdiler. Sonra bize ev tuttular ve 2 y\u0131ll\u0131k s\u00f6zle\u015fme yap\u0131ld\u0131. S\u00f6zle\u015fme dolmadan ev sahibi bizi d\u0131\u015far\u0131ya att\u0131. Bize \u2018ev sahibinin bizi \u00e7\u0131karamayaca\u011f\u0131\u2019 s\u00f6ylendi. Ev sahibi biz yokken kap\u0131n\u0131n kilitlerini de\u011fi\u015ftirmi\u015f. Yine sokakta kald\u0131k. Sonra Gaziemir\u2019de bir eve yerle\u015ftirildik. Son olarak o\u011flumun arkada\u015f\u0131 bize karavan verdi. Eyl\u00fcl\u2019\u00fcn ilk haftas\u0131ndan beri burada kal\u0131yoruz\u201d diye konu\u015ftu.<\/p>\n<p>Talebi \u2018k\u00fc\u00e7\u00fck bir ev\u2019<br \/>\n<br \/>Karavanda yat\u0131p kalkman\u0131n \u00e7ok zor oldu\u011fundan bahseden Ta\u015fk\u0131n, \u015funlar\u0131 kaydetti:<br \/>\n<br \/>\u201cSu, \u0131\u015f\u0131k, elektrik yok. Ak\u00fc bozuk, alam\u0131yorum. O\u011flumun engelli maa\u015f\u0131 kesildi. Ben de annemin maa\u015f\u0131n\u0131 al\u0131yorum. Herkes erzak yolluyor. G\u00fcc\u00fc yeten para veriyor. Hepsinden Allah raz\u0131 olsun. Bu \u015fekilde ge\u00e7iniyoruz. Talebim k\u00fc\u00e7\u00fck bir ev. Bir oda. K\u0131saca bar\u0131nabilece\u011fimiz bir ev.\u201d<br \/><\/p>\n","protected":false},"excerpt":{"rendered":"<p>\u0130zmir\u2019de zihinsel engelli o\u011fluyla karavanda ya\u015fam m\u00fccadelesi veren Seval Ta\u015fk\u0131n\u2019\u0131n tek iste\u011fi k\u00fc\u00e7\u00fck bir eve yerle\u015fmek. 2017 y\u0131l\u0131nda Bornova il\u00e7esinde babas\u0131na ait evde 42 ya\u015f\u0131ndaki zihinsel engelli o\u011fluyla birlikte ya\u015fayan Seval Ta\u015fk\u0131n (69), babas\u0131n\u0131n evi satt\u0131\u011f\u0131n\u0131 \u00f6\u011frendi. Sat\u0131\u015ftan yakla\u015f\u0131k 5 ay sonra Ta\u015fk\u0131n, yeni ev sahibinin \u2018evden \u00e7\u0131k\u0131n\u2019 talebiyle \u015fok ya\u015fad\u0131. Evsiz kalan anne ve&#8230;<\/p>\n","protected":false},"author":1,"featured_media":13706,"comment_status":"open","ping_status":"open","sticky":false,"template":"","format":"standard","meta":{"_crdt_document":"","footnotes":""},"categories":[123],"tags":[],"class_list":["post-13705","post","type-post","status-publish","format-standard","has-post-thumbnail","hentry","category-gundem"],"_links":{"self":[{"href":"https:\/\/www.egemtv.com\/index.php?rest_route=\/wp\/v2\/posts\/13705","targetHints":{"allow":["GET"]}}],"collection":[{"href":"https:\/\/www.egemtv.com\/index.php?rest_route=\/wp\/v2\/posts"}],"about":[{"href":"https:\/\/www.egemtv.com\/index.php?rest_route=\/wp\/v2\/types\/post"}],"author":[{"embeddable":true,"href":"https:\/\/www.egemtv.com\/index.php?rest_route=\/wp\/v2\/users\/1"}],"replies":[{"embeddable":true,"href":"https:\/\/www.egemtv.com\/index.php?rest_route=%2Fwp%2Fv2%2Fcomments&post=13705"}],"version-history":[{"count":1,"href":"https:\/\/www.egemtv.com\/index.php?rest_route=\/wp\/v2\/posts\/13705\/revisions"}],"predecessor-version":[{"id":13707,"href":"https:\/\/www.egemtv.com\/index.php?rest_route=\/wp\/v2\/posts\/13705\/revisions\/13707"}],"wp:featuredmedia":[{"embeddable":true,"href":"https:\/\/www.egemtv.com\/index.php?rest_route=\/wp\/v2\/media\/13706"}],"wp:attachment":[{"href":"https:\/\/www.egemtv.com\/index.php?rest_route=%2Fwp%2Fv2%2Fmedia&parent=13705"}],"wp:term":[{"taxonomy":"category","embeddable":true,"href":"https:\/\/www.egemtv.com\/index.php?rest_route=%2Fwp%2Fv2%2Fcategories&post=13705"},{"taxonomy":"post_tag","embeddable":true,"href":"https:\/\/www.egemtv.com\/index.php?rest_route=%2Fwp%2Fv2%2Ftags&post=13705"}],"curies":[{"name":"wp","href":"https:\/\/api.w.org\/{rel}","templated":true}]}}