{"id":13702,"date":"2025-01-30T11:52:57","date_gmt":"2025-01-30T08:52:57","guid":{"rendered":"https:\/\/www.egemtv.com\/?p=13702"},"modified":"2025-01-30T11:52:59","modified_gmt":"2025-01-30T08:52:59","slug":"kutahyada-1-yilda-769-kamu-yatirim-projesinden-479unun-tamamlandi","status":"publish","type":"post","link":"https:\/\/www.egemtv.com\/?p=13702","title":{"rendered":"K\u00fctahya\u2019da 1 y\u0131lda 769 kamu yat\u0131r\u0131m projesinden 479\u2019unun tamamland\u0131"},"content":{"rendered":"<p>K\u00fctahya\u2019da 2025 y\u0131l\u0131n\u0131n ilk \u0130l Koordinasyon Kurulu Toplant\u0131s\u0131, Vali Musa I\u015f\u0131n ba\u015fkanl\u0131\u011f\u0131nda ger\u00e7ekle\u015ftirildi. Toplant\u0131da 2024 y\u0131l\u0131 yat\u0131r\u0131mlar\u0131 de\u011ferlendirilirken, kentin geli\u015fimi a\u00e7\u0131s\u0131ndan \u00f6nem ta\u015f\u0131yan projeler ele al\u0131nd\u0131.<br \/>\n<br \/>Toplant\u0131da konu\u015fan Vali Musa I\u015f\u0131n, 2024 y\u0131l\u0131 yat\u0131r\u0131m program\u0131nda yer alan 769 kamu yat\u0131r\u0131m projesinden 479\u2019unun tamamland\u0131\u011f\u0131n\u0131 belirtti. Ayr\u0131ca, 33 projenin ihale a\u015famas\u0131nda oldu\u011funu, 166 projenin yap\u0131m\u0131n\u0131n s\u00fcrd\u00fc\u011f\u00fcn\u00fc ve 63 projenin haz\u0131rl\u0131k a\u015famas\u0131nda oldu\u011funu aktard\u0131.<br \/>\n<br \/>2024 y\u0131l\u0131 i\u00e7in \u00f6ng\u00f6r\u00fclen 14 milyar 394 milyon TL yat\u0131r\u0131m\u0131n 10 milyar 709 milyon TL\u2019sinin harcand\u0131\u011f\u0131n\u0131 belirten Vali I\u015f\u0131n, nakdi ger\u00e7ekle\u015fme oran\u0131n\u0131n y\u00fczde 74,64 oldu\u011funu ifade etti.<br \/>\n<br \/>Sekt\u00f6rlere ayr\u0131lan yat\u0131r\u0131m paylar\u0131na da de\u011finen Vali I\u015f\u0131n, en b\u00fcy\u00fck pay\u0131 y\u00fczde 21,2 ile di\u011fer kamu hizmetlerinin ald\u0131\u011f\u0131n\u0131 belirtti. Bunu y\u00fczde 19,7 ile ula\u015ft\u0131rma, y\u00fczde 14,8 ile konut, y\u00fczde 11,2 ile e\u011fitim, y\u00fczde 8,2 ile tar\u0131m, y\u00fczde 7,9 ile madencilik, y\u00fczde 6,3 ile imalat, y\u00fczde 4,7 ile turizm, y\u00fczde 3 ile sa\u011fl\u0131k ve y\u00fczde 2,5 ile enerji sekt\u00f6rlerinin takip etti\u011fini s\u00f6yledi.<br \/>\n<br \/>Yeni y\u0131l yat\u0131r\u0131m program\u0131 kapsam\u0131nda 7 milyar 800 milyon TL ba\u015flang\u0131\u00e7 \u00f6dene\u011fi tahsis edildi\u011fini duyuran Vali I\u015f\u0131n, bu b\u00fct\u00e7ede \u0130l \u00d6zel \u0130daresi\u2019nin cari harcamalar\u0131 ve sosyal yard\u0131mlar\u0131n yer almad\u0131\u011f\u0131n\u0131 vurgulad\u0131.<br \/>\n<br \/>K\u00fctahya\u2019n\u0131n geli\u015fimi i\u00e7in b\u00fcy\u00fck \u00f6nem ta\u015f\u0131yan projelerin hayata ge\u00e7irilmesi konusunda denetim ve takip \u00e7al\u0131\u015fmalar\u0131n\u0131n titizlikle y\u00fcr\u00fct\u00fclece\u011fini belirten Vali I\u015f\u0131n, yat\u0131r\u0131mlar\u0131n kente hay\u0131rl\u0131 olmas\u0131n\u0131 diledi.<br \/><\/p>\n","protected":false},"excerpt":{"rendered":"<p>K\u00fctahya\u2019da 2025 y\u0131l\u0131n\u0131n ilk \u0130l Koordinasyon Kurulu Toplant\u0131s\u0131, Vali Musa I\u015f\u0131n ba\u015fkanl\u0131\u011f\u0131nda ger\u00e7ekle\u015ftirildi. Toplant\u0131da 2024 y\u0131l\u0131 yat\u0131r\u0131mlar\u0131 de\u011ferlendirilirken, kentin geli\u015fimi a\u00e7\u0131s\u0131ndan \u00f6nem ta\u015f\u0131yan projeler ele al\u0131nd\u0131. Toplant\u0131da konu\u015fan Vali Musa I\u015f\u0131n, 2024 y\u0131l\u0131 yat\u0131r\u0131m program\u0131nda yer alan 769 kamu yat\u0131r\u0131m projesinden 479\u2019unun tamamland\u0131\u011f\u0131n\u0131 belirtti. Ayr\u0131ca, 33 projenin ihale a\u015famas\u0131nda oldu\u011funu, 166 projenin yap\u0131m\u0131n\u0131n s\u00fcrd\u00fc\u011f\u00fcn\u00fc ve&#8230;<\/p>\n","protected":false},"author":1,"featured_media":13703,"comment_status":"open","ping_status":"open","sticky":false,"template":"","format":"standard","meta":{"_crdt_document":"","footnotes":""},"categories":[123],"tags":[],"class_list":["post-13702","post","type-post","status-publish","format-standard","has-post-thumbnail","hentry","category-gundem"],"_links":{"self":[{"href":"https:\/\/www.egemtv.com\/index.php?rest_route=\/wp\/v2\/posts\/13702","targetHints":{"allow":["GET"]}}],"collection":[{"href":"https:\/\/www.egemtv.com\/index.php?rest_route=\/wp\/v2\/posts"}],"about":[{"href":"https:\/\/www.egemtv.com\/index.php?rest_route=\/wp\/v2\/types\/post"}],"author":[{"embeddable":true,"href":"https:\/\/www.egemtv.com\/index.php?rest_route=\/wp\/v2\/users\/1"}],"replies":[{"embeddable":true,"href":"https:\/\/www.egemtv.com\/index.php?rest_route=%2Fwp%2Fv2%2Fcomments&post=13702"}],"version-history":[{"count":1,"href":"https:\/\/www.egemtv.com\/index.php?rest_route=\/wp\/v2\/posts\/13702\/revisions"}],"predecessor-version":[{"id":13704,"href":"https:\/\/www.egemtv.com\/index.php?rest_route=\/wp\/v2\/posts\/13702\/revisions\/13704"}],"wp:featuredmedia":[{"embeddable":true,"href":"https:\/\/www.egemtv.com\/index.php?rest_route=\/wp\/v2\/media\/13703"}],"wp:attachment":[{"href":"https:\/\/www.egemtv.com\/index.php?rest_route=%2Fwp%2Fv2%2Fmedia&parent=13702"}],"wp:term":[{"taxonomy":"category","embeddable":true,"href":"https:\/\/www.egemtv.com\/index.php?rest_route=%2Fwp%2Fv2%2Fcategories&post=13702"},{"taxonomy":"post_tag","embeddable":true,"href":"https:\/\/www.egemtv.com\/index.php?rest_route=%2Fwp%2Fv2%2Ftags&post=13702"}],"curies":[{"name":"wp","href":"https:\/\/api.w.org\/{rel}","templated":true}]}}