{"id":13699,"date":"2025-01-30T11:49:36","date_gmt":"2025-01-30T08:49:36","guid":{"rendered":"https:\/\/www.egemtv.com\/?p=13699"},"modified":"2025-01-30T11:49:39","modified_gmt":"2025-01-30T08:49:39","slug":"guney-sagir-belediye-kutahyasporda","status":"publish","type":"post","link":"https:\/\/www.egemtv.com\/?p=13699","title":{"rendered":"G\u00fcney Sa\u011f\u0131r, Belediye K\u00fctahyaspor\u2019da"},"content":{"rendered":"<p>TFF 3. Lig tak\u0131mlar\u0131ndan Belediye K\u00fctahyaspor, 2003 do\u011fumlu kanat oyuncusu G\u00fcney Sa\u011f\u0131r ile 1.5 y\u0131ll\u0131k s\u00f6zle\u015fme imzalad\u0131.<br \/>\n<br \/>Futbola Galatasaray altyap\u0131s\u0131nda ba\u015flayan gen\u00e7 oyuncu, ard\u0131ndan Ba\u015fak\u015fehir\u2019e transfer olarak burada profesyonel kariyerine ad\u0131m att\u0131. 2023-2024 sezonuna 23 Elaz\u0131\u011f FK formas\u0131yla ba\u015flayan G\u00fcney, \u00e7\u0131kt\u0131\u011f\u0131 17 ma\u00e7ta 7 gol kaydetti.<br \/>\n<br \/>Belediye K\u00fctahyaspor Kul\u00fcb\u00fc, transferin hem tak\u0131ma hem de oyuncuya hay\u0131rl\u0131 olmas\u0131n\u0131 dileyerek, G\u00fcney Sa\u011f\u0131r\u2019a ba\u015far\u0131lar diledi.<br \/><\/p>\n","protected":false},"excerpt":{"rendered":"<p>TFF 3. Lig tak\u0131mlar\u0131ndan Belediye K\u00fctahyaspor, 2003 do\u011fumlu kanat oyuncusu G\u00fcney Sa\u011f\u0131r ile 1.5 y\u0131ll\u0131k s\u00f6zle\u015fme imzalad\u0131. Futbola Galatasaray altyap\u0131s\u0131nda ba\u015flayan gen\u00e7 oyuncu, ard\u0131ndan Ba\u015fak\u015fehir\u2019e transfer olarak burada profesyonel kariyerine ad\u0131m att\u0131. 2023-2024 sezonuna 23 Elaz\u0131\u011f FK formas\u0131yla ba\u015flayan G\u00fcney, \u00e7\u0131kt\u0131\u011f\u0131 17 ma\u00e7ta 7 gol kaydetti. Belediye K\u00fctahyaspor Kul\u00fcb\u00fc, transferin hem tak\u0131ma hem de oyuncuya&#8230;<\/p>\n","protected":false},"author":1,"featured_media":13700,"comment_status":"open","ping_status":"open","sticky":false,"template":"","format":"standard","meta":{"_crdt_document":"","footnotes":""},"categories":[4],"tags":[],"class_list":["post-13699","post","type-post","status-publish","format-standard","has-post-thumbnail","hentry","category-spor"],"_links":{"self":[{"href":"https:\/\/www.egemtv.com\/index.php?rest_route=\/wp\/v2\/posts\/13699","targetHints":{"allow":["GET"]}}],"collection":[{"href":"https:\/\/www.egemtv.com\/index.php?rest_route=\/wp\/v2\/posts"}],"about":[{"href":"https:\/\/www.egemtv.com\/index.php?rest_route=\/wp\/v2\/types\/post"}],"author":[{"embeddable":true,"href":"https:\/\/www.egemtv.com\/index.php?rest_route=\/wp\/v2\/users\/1"}],"replies":[{"embeddable":true,"href":"https:\/\/www.egemtv.com\/index.php?rest_route=%2Fwp%2Fv2%2Fcomments&post=13699"}],"version-history":[{"count":1,"href":"https:\/\/www.egemtv.com\/index.php?rest_route=\/wp\/v2\/posts\/13699\/revisions"}],"predecessor-version":[{"id":13701,"href":"https:\/\/www.egemtv.com\/index.php?rest_route=\/wp\/v2\/posts\/13699\/revisions\/13701"}],"wp:featuredmedia":[{"embeddable":true,"href":"https:\/\/www.egemtv.com\/index.php?rest_route=\/wp\/v2\/media\/13700"}],"wp:attachment":[{"href":"https:\/\/www.egemtv.com\/index.php?rest_route=%2Fwp%2Fv2%2Fmedia&parent=13699"}],"wp:term":[{"taxonomy":"category","embeddable":true,"href":"https:\/\/www.egemtv.com\/index.php?rest_route=%2Fwp%2Fv2%2Fcategories&post=13699"},{"taxonomy":"post_tag","embeddable":true,"href":"https:\/\/www.egemtv.com\/index.php?rest_route=%2Fwp%2Fv2%2Ftags&post=13699"}],"curies":[{"name":"wp","href":"https:\/\/api.w.org\/{rel}","templated":true}]}}