{"id":13696,"date":"2025-01-30T11:46:40","date_gmt":"2025-01-30T08:46:40","guid":{"rendered":"https:\/\/www.egemtv.com\/?p=13696"},"modified":"2025-01-30T11:46:42","modified_gmt":"2025-01-30T08:46:42","slug":"kutahyada-gassal-kursuna-buyuk-ilgi","status":"publish","type":"post","link":"https:\/\/www.egemtv.com\/?p=13696","title":{"rendered":"K\u00fctahya\u2019da \u2019Gassal Kursu\u2019na b\u00fcy\u00fck ilgi"},"content":{"rendered":"<p>K\u00fctahya Nizamiye Camii\u2019nde d\u00fczenlenen gassal kursu, vatanda\u015flar taraf\u0131ndan b\u00fcy\u00fck ilgi g\u00f6r\u00fcyor.<br \/>\n<br \/>K\u00fctahya M\u00fcft\u00fcl\u00fc\u011f\u00fc Merkez Kur\u2019an Kursu y\u00f6neticisi Turhan Bayatl\u0131, kursun cenaze hizmetlerine dair \u00f6nemli bilgileri uygulamal\u0131 olarak aktard\u0131klar\u0131n\u0131 belirtti. Bayatl\u0131, yapt\u0131\u011f\u0131 a\u00e7\u0131klamada, \u201cKursiyerlerimiz, cenazeye nas\u0131l hizmet edilece\u011fini, g\u00f6zlerin kapat\u0131lmas\u0131, ellerin indirilmesi, ayaklar\u0131n ba\u011flanmas\u0131, karn\u0131n \u015fi\u015fmemesi i\u00e7in demir konmas\u0131, kefenlenme, y\u0131kama ve defin i\u015flemlerini \u00f6\u011freniyor. Bu kursa olan yo\u011fun ilgi, gassall\u0131k konusunun \u00f6neminin toplumda yayg\u0131nla\u015ft\u0131\u011f\u0131n\u0131 g\u00f6steriyor. Biz de bu hizmeti en iyi \u015fekilde aktarmaya \u00e7al\u0131\u015f\u0131yoruz\u201d dedi.<br \/>\n<br \/>Kursa kat\u0131lan kursiyerler, bu e\u011fitim program\u0131n\u0131n uzun zamand\u0131r bekledikleri bir f\u0131rsat oldu\u011funu dile getirdi. Kursiyer \u00d6mer Karaca, &#8220;D\u00f6rt y\u0131ld\u0131r bu kursun a\u00e7\u0131lmas\u0131n\u0131 bekliyordum. Topluma hizmet etmek ve cenaze y\u0131kamak i\u00e7in bu yolda ilerlemek istiyorum. M\u00fcft\u00fcl\u00fc\u011f\u00fcm\u00fcze ve eme\u011fi ge\u00e7en herkese te\u015fekk\u00fcr ederiz\u201d dedi.<br \/>\n<br \/>Kursiyer Fatih Kahraman, \u201c\u0130ki y\u0131ld\u0131r bu kursa kat\u0131lmay\u0131 istiyordum. A\u00e7\u0131ld\u0131\u011f\u0131n\u0131 duyunca \u00e7ok sevindim. Turan Hocam\u0131z ve Halk E\u011fitim Merkezi yetkililerine te\u015fekk\u00fcr ederim. Cenaze y\u0131kamay\u0131 bilmeyen bir\u00e7ok insan var. Ben de bu y\u00fczden \u00f6\u011frenmeye karar verdim\u201d ifadelerini kulland\u0131.<br \/>\n<br \/>Haftada bir saat ve 5 hafta s\u00fcrecek olan kursu sonras\u0131 kursiyerlere sertifika verilecek.<br \/><\/p>\n","protected":false},"excerpt":{"rendered":"<p>K\u00fctahya Nizamiye Camii\u2019nde d\u00fczenlenen gassal kursu, vatanda\u015flar taraf\u0131ndan b\u00fcy\u00fck ilgi g\u00f6r\u00fcyor. K\u00fctahya M\u00fcft\u00fcl\u00fc\u011f\u00fc Merkez Kur\u2019an Kursu y\u00f6neticisi Turhan Bayatl\u0131, kursun cenaze hizmetlerine dair \u00f6nemli bilgileri uygulamal\u0131 olarak aktard\u0131klar\u0131n\u0131 belirtti. Bayatl\u0131, yapt\u0131\u011f\u0131 a\u00e7\u0131klamada, \u201cKursiyerlerimiz, cenazeye nas\u0131l hizmet edilece\u011fini, g\u00f6zlerin kapat\u0131lmas\u0131, ellerin indirilmesi, ayaklar\u0131n ba\u011flanmas\u0131, karn\u0131n \u015fi\u015fmemesi i\u00e7in demir konmas\u0131, kefenlenme, y\u0131kama ve defin i\u015flemlerini \u00f6\u011freniyor. Bu&#8230;<\/p>\n","protected":false},"author":1,"featured_media":13697,"comment_status":"open","ping_status":"open","sticky":false,"template":"","format":"standard","meta":{"_crdt_document":"","footnotes":""},"categories":[123],"tags":[],"class_list":["post-13696","post","type-post","status-publish","format-standard","has-post-thumbnail","hentry","category-gundem"],"_links":{"self":[{"href":"https:\/\/www.egemtv.com\/index.php?rest_route=\/wp\/v2\/posts\/13696","targetHints":{"allow":["GET"]}}],"collection":[{"href":"https:\/\/www.egemtv.com\/index.php?rest_route=\/wp\/v2\/posts"}],"about":[{"href":"https:\/\/www.egemtv.com\/index.php?rest_route=\/wp\/v2\/types\/post"}],"author":[{"embeddable":true,"href":"https:\/\/www.egemtv.com\/index.php?rest_route=\/wp\/v2\/users\/1"}],"replies":[{"embeddable":true,"href":"https:\/\/www.egemtv.com\/index.php?rest_route=%2Fwp%2Fv2%2Fcomments&post=13696"}],"version-history":[{"count":1,"href":"https:\/\/www.egemtv.com\/index.php?rest_route=\/wp\/v2\/posts\/13696\/revisions"}],"predecessor-version":[{"id":13698,"href":"https:\/\/www.egemtv.com\/index.php?rest_route=\/wp\/v2\/posts\/13696\/revisions\/13698"}],"wp:featuredmedia":[{"embeddable":true,"href":"https:\/\/www.egemtv.com\/index.php?rest_route=\/wp\/v2\/media\/13697"}],"wp:attachment":[{"href":"https:\/\/www.egemtv.com\/index.php?rest_route=%2Fwp%2Fv2%2Fmedia&parent=13696"}],"wp:term":[{"taxonomy":"category","embeddable":true,"href":"https:\/\/www.egemtv.com\/index.php?rest_route=%2Fwp%2Fv2%2Fcategories&post=13696"},{"taxonomy":"post_tag","embeddable":true,"href":"https:\/\/www.egemtv.com\/index.php?rest_route=%2Fwp%2Fv2%2Ftags&post=13696"}],"curies":[{"name":"wp","href":"https:\/\/api.w.org\/{rel}","templated":true}]}}